{"id":653,"date":"2025-01-01T12:07:57","date_gmt":"2025-01-01T12:07:57","guid":{"rendered":"https:\/\/mestallidos.com\/?p=653"},"modified":"2025-01-01T12:07:57","modified_gmt":"2025-01-01T12:07:57","slug":"carril-lahuerta","status":"publish","type":"post","link":"https:\/\/mestallidos.com\/?p=653","title":{"rendered":"CARRIL LAHUERTA."},"content":{"rendered":"<p style=\"margin: 0cm; text-align: center; background: white;\" align=\"center\"><b><span style=\"font-size: 14.0pt; font-family: 'Calibri',sans-serif; color: #222222;\">CARRIL LAHUERTA.<\/span><\/b><\/p>\n<p style=\"margin: 0cm; background: white;\"><span style=\"font-family: 'Calibri',sans-serif; color: #222222;\">\u00a0<\/span><\/p>\n<p style=\"margin: 0cm; background: white;\"><span style=\"font-family: 'Calibri',sans-serif; color: #222222;\"><br \/>\nQued\u00e9 con Rafa en el Bioparc. Se trataba de entablar una conversaci\u00f3n sobre su \u00faltimo libro \u201cLa promesa dels divendres\u201d (Drassana) mientras aprend\u00edamos a diferenciar las distintas especies de animales: camellos o dromedarios, gavilanes o palomas, patos o conejos, chotos o sapos\u2026<\/span><\/p>\n<p style=\"margin: 0cm; background: white;\"><span style=\"font-family: 'Calibri',sans-serif; color: #222222;\">Por el hilo musical sonaba \u201cAmigo F\u00e9lix\u201d aquel super \u00e9xito de Enrique y Ana de 1980, unos diez a\u00f1os antes de la \u00e9poca en la que transcurre su novela m\u00e1s personal y honesta con la que cierra un ciclo.<\/span><\/p>\n<p style=\"margin: 0cm; background: white;\"><span style=\"font-family: 'Calibri',sans-serif; color: #222222;\">\u00a0<\/span><\/p>\n<p style=\"margin: 0cm; background: white;\"><b><span style=\"font-family: 'Calibri',sans-serif; color: #222222;\">\u00a0<\/span><\/b><\/p>\n<p style=\"background: white; margin: 0cm 0cm 0cm 36.0pt;\"><b><span style=\"font-family: 'Calibri',sans-serif; color: #222222;\">1-<\/span><\/b><span style=\"font-size: 7.0pt; color: #222222;\">\u00a0\u00a0\u00a0\u00a0\u00a0<\/span><b><span style=\"font-family: 'Calibri',sans-serif; color: #222222;\">La verdad, amigo, que el t\u00edtulo me despist\u00f3 bastante. Al tratarse de una novela autobiogr\u00e1fica que transcurre entre 1988 y 1990 pens\u00e9 que \u201cLa promesa dels divendres\u201d era tu ansiada espera a la emisi\u00f3n de Nit d`erotisme en nuestro a\u00f1orado Canal 9. Ya sabes, la promesa de una bolsa de ganchitos y a saborear aquellas magn\u00edficas pel\u00edculas de arte y ensayo.<\/span><\/b><\/p>\n<p style=\"background: white; margin: 0cm 0cm 0cm 36.0pt;\"><span style=\"font-size: 11.0pt; font-family: 'Calibri',sans-serif; color: #222222;\">\u00a0<\/span><\/p>\n<p style=\"background: white; margin: 0cm 0cm 0cm 36.0pt;\"><i><span style=\"font-family: 'Calibri',sans-serif; color: black;\">Te entiendo, pero yo era m\u00e1s de Balb\u00edn y La Clave. Me ven\u00eda muy bien para dormirme.\u00a0<\/span><\/i><\/p>\n<p style=\"margin: 0cm; background: white;\"><span style=\"font-family: 'Calibri',sans-serif; color: #222222;\">\u00a0<\/span><\/p>\n<p style=\"margin: 0cm; background: white;\"><span style=\"font-family: 'Calibri',sans-serif; color: #222222;\">\u00a0<\/span><\/p>\n<p style=\"margin: 0cm; background: white;\"><span style=\"font-family: 'Calibri',sans-serif; color: #222222;\">\u00a0<\/span><\/p>\n<p style=\"background: white; margin: 0cm 0cm 0cm 36.0pt;\"><b><span style=\"font-family: 'Calibri',sans-serif; color: #222222;\">2-<\/span><\/b><span style=\"font-size: 7.0pt; color: #222222;\">\u00a0\u00a0\u00a0\u00a0\u00a0<\/span><b><span style=\"font-family: 'Calibri',sans-serif; color: #222222;\">\u00bfC\u00f3mo afrontaste la escritura de esta novela que cierra tu trilog\u00eda (La tentativa, el ensayo y la confirmaci\u00f3n) tras el enorme \u00e9xito de la aclamada e inolvidable \u201cHelsinki\u201d?<\/span><\/b><\/p>\n<p style=\"background: white; margin: 0cm 0cm 0cm 36.0pt;\"><span style=\"font-size: 11.0pt; font-family: 'Calibri',sans-serif; color: #222222;\">\u00a0<\/span><\/p>\n<p style=\"background: white; margin: 0cm 0cm 0cm 36.0pt;\"><i><span style=\"font-family: 'Calibri',sans-serif; color: black;\">Surgi\u00f3 como un desahogo. Y as\u00ed lo viv\u00ed en un principio. Luego vi que hab\u00eda un libro. Bueno, fueron mis editores quienes vieron que hab\u00eda un libro.\u00a0<\/span><\/i><\/p>\n<p style=\"background: white; margin: 0cm 0cm 0cm 36.0pt;\"><span style=\"font-family: 'Calibri',sans-serif; color: #222222;\">\u00a0<\/span><\/p>\n<p style=\"margin: 0cm; background: white;\"><span style=\"font-family: 'Calibri',sans-serif; color: #222222;\">\u00a0<\/span><\/p>\n<p style=\"margin: 0cm; background: white;\"><span style=\"font-family: 'Calibri',sans-serif; color: #222222;\">\u00a0<\/span><\/p>\n<p style=\"background: white; margin: 0cm 0cm 0cm 36.0pt;\"><b><span style=\"font-family: 'Calibri',sans-serif; color: #222222;\">3-<\/span><\/b><span style=\"font-size: 7.0pt; color: #222222;\">\u00a0\u00a0\u00a0\u00a0\u00a0<\/span><b><span style=\"font-family: 'Calibri',sans-serif; color: #222222;\">Vienes de una familia de tradici\u00f3n panadera. \u00bfCrees que el eslab\u00f3n se acab\u00f3 aquella tarde de Reyes en la que en el rosc\u00f3n te sali\u00f3 \u201cLa gran historia del Valencia CF\u201d del m\u00edtico Jaime Hern\u00e1ndez Perpi\u00f1\u00e1? \u00bfFue aquel libro un cambio en la forma de vivir nuestro querido club y un posible inicio, aunque fuera muy remoto, de tu amor por la literatura?<\/span><\/b><\/p>\n<p style=\"background: white; margin: 0cm 0cm 0cm 36.0pt;\"><span style=\"font-size: 11.0pt; font-family: 'Calibri',sans-serif; color: #222222;\">\u00a0<\/span><\/p>\n<p style=\"background: white; margin: 0cm 0cm 0cm 36.0pt;\"><i><span style=\"font-family: 'Calibri',sans-serif; color: black;\">Seguro. Aprend\u00ed a leer con el don Bal\u00f3n, el As Color y la revista del Valencia Cf que naci\u00f3 en 1976. Los episodios de Hernandez Perpi\u00f1\u00e1 eran mis favoritos. Hernandez Perpi\u00f1\u00e1\u00a0es un maestro. Creo que fue el primer referente que tuve a la hora de escribir. Ten\u00eda un estilo claro y apasionado. Soy un disc\u00edpulo suyo, seguro que s\u00ed.\u00a0<\/span><\/i><\/p>\n<p style=\"background: white; margin: 0cm 0cm 0cm 36.0pt;\"><span style=\"font-family: 'Calibri',sans-serif; color: #222222;\">\u00a0<\/span><\/p>\n<p style=\"margin: 0cm; background: white;\"><b><span style=\"font-family: 'Calibri',sans-serif; color: #222222;\">\u00a0<\/span><\/b><\/p>\n<p style=\"background: white; margin: 0cm 0cm 0cm 36.0pt;\"><b><span style=\"font-family: 'Calibri',sans-serif; color: #222222;\">4-<\/span><\/b><span style=\"font-size: 7.0pt; color: #222222;\">\u00a0\u00a0\u00a0\u00a0\u00a0<\/span><b><span style=\"font-family: 'Calibri',sans-serif; color: #222222;\">En \u201cLa promesa dels divendres\u201d vuelve a salir el antiguo Barrio Chino de Valencia. \u00bfCrees que el cambio clim\u00e1tico puede haber influido en que migrara de la Avenida del Oeste a la actual gesti\u00f3n del Valencia Club de F\u00fatbol?<\/span><\/b><\/p>\n<p style=\"background: white; margin: 0cm 0cm 0cm 36.0pt;\"><span style=\"font-size: 11.0pt; font-family: 'Calibri',sans-serif; color: #222222;\">\u00a0<\/span><\/p>\n<p style=\"background: white; margin: 0cm 0cm 0cm 36.0pt;\"><i><span style=\"font-family: 'Calibri',sans-serif; color: black;\">No lo creo. En el barrio Chino hab\u00eda mucha m\u00e1s dignidad. Se trataba de sobrevivir en circunstancias muy dif\u00edciles. Lo de la directiva actual del VCF es un pozo sin fondo de indignidad y miseria moral. No se puede comparar.\u00a0<\/span><\/i><\/p>\n<p style=\"background: white; margin: 0cm 0cm 0cm 36.0pt;\"><span style=\"font-family: 'Calibri',sans-serif; color: #222222;\">\u00a0<\/span><\/p>\n<p style=\"line-height: 12.65pt; background: white; margin: 0cm 0cm 10.0pt 0cm;\"><span style=\"font-family: 'Calibri',sans-serif; color: #222222;\">\u00a0<\/span><\/p>\n<p style=\"background: white; margin: 0cm 0cm 0cm 36.0pt;\"><b><span style=\"font-family: 'Calibri',sans-serif; color: #222222;\">5-<\/span><\/b><span style=\"font-size: 7.0pt; color: #222222;\">\u00a0\u00a0\u00a0\u00a0\u00a0<\/span><b><span style=\"font-family: 'Calibri',sans-serif; color: #222222;\">Dec\u00eda Luis Aragon\u00e9s que el f\u00fatbol que \u00e9l conoci\u00f3 cambi\u00f3 cuando entraron los primeros secadores de pelo a los vestuarios. \u00bfCrees que nuestro Valencia cambi\u00f3 definitivamente cuando ficharon al portugu\u00e9s Nani? \u00bfQu\u00e9 ser\u00e1 lo siguiente? \u00bfFichar a alg\u00fan Cari, Tete, Pitito&#8230;?<\/span><\/b><\/p>\n<p style=\"background: white; margin: 0cm 0cm 0cm 36.0pt;\"><b><span style=\"font-family: 'Calibri',sans-serif; color: #222222;\">\u00a0<\/span><\/b><\/p>\n<p style=\"background: white; margin: 0cm 0cm 0cm 36.0pt;\"><b><span style=\"font-family: 'Calibri',sans-serif; color: #222222;\">\u00a0<\/span><\/b><i><span style=\"font-family: 'Calibri',sans-serif; color: #222222;\">Bueno, tuvimos un Nolito, un Manolete, un Paco Pepe y hasta un \u00d1ito. En ese sentido me identifico con Esp\u00e1rrago. Cuando lleg\u00f3 al Sevilla le dijo a Pepelu que con ese nombre era dif\u00edcil que jugara. Aunque nada comparable a Mu\u00f1oz P\u00e9rez, que empez\u00f3 en el f\u00fatbol siendo Paquiqui. Fue fichar a Paquiqui y bajar a segunda. Normal.\u00a0<\/span><\/i><\/p>\n<p style=\"line-height: 12.65pt; background: white; margin: 0cm 0cm 0cm 36.0pt;\"><span style=\"font-family: 'Calibri',sans-serif; color: #222222;\">\u00a0<\/span><\/p>\n<p style=\"background: white; margin: 0cm 0cm 0cm 36.0pt;\"><b><span style=\"font-family: 'Calibri',sans-serif; color: #222222;\">6-<\/span><\/b><span style=\"font-size: 7.0pt; color: #222222;\">\u00a0\u00a0\u00a0\u00a0\u00a0<\/span><b><span style=\"font-family: 'Calibri',sans-serif; color: #222222;\">\u00bfCrees que la sociedad actual vive demasiado deprisa sin pararse a pensar en las peque\u00f1as cosas que son realmente las que nos proporcionan la felicidad\u00a0 porque ya no existe El sem\u00e1foro de Europa que todo lo ralentizaba?<\/span><\/b><\/p>\n<p style=\"background: white; margin: 0cm 0cm 0cm 36.0pt;\"><span style=\"font-size: 11.0pt; font-family: 'Calibri',sans-serif; color: #222222;\">\u00a0<\/span><\/p>\n<p style=\"background: white; margin: 0cm 0cm 0cm 36.0pt;\"><i><span style=\"font-family: 'Calibri',sans-serif; color: black;\">El sem\u00e1foro de Europa era una gran atracci\u00f3n circense. No es casual que su desaparici\u00f3n coincida con el nacimiento de las Mama Chicho. Seg\u00fan Cisco Fran la decadencia absoluta naci\u00f3 con la aparici\u00f3n de Tele 5 y la telebasura. Es una idea a desarrollar. Todo lo que s\u00e9 de la vida lo aprend\u00ed en el bar Los Checas, que era el gran apeadero del sem\u00e1foro de Europa. Y s\u00ed, soy de los pocos que ha visto con vida a la hija de Albano y Romina Power. En julio de 1982. Fue el momento culminante de mi vida. Gracias al sem\u00e1foro de Europa, Romina Power, Albano y sus hijos almorzaron en el bar Los Checas con la silueta de Mestalla de fondo. Una experiencia as\u00ed te cambia la vida.\u00a0<\/span><\/i><\/p>\n<p style=\"background: white; margin: 0cm 0cm 0cm 36.0pt;\"><span style=\"font-family: 'Calibri',sans-serif; color: #222222;\">\u00a0<\/span><\/p>\n<p style=\"line-height: 12.65pt; background: white; margin: 0cm 0cm 0cm 36.0pt;\"><span style=\"font-family: 'Calibri',sans-serif; color: #222222;\">\u00a0<\/span><\/p>\n<p style=\"background: white; margin: 0cm 0cm 0cm 36.0pt;\"><b><span style=\"font-family: 'Calibri',sans-serif; color: #222222;\">7-<\/span><\/b><span style=\"font-size: 7.0pt; color: #222222;\">\u00a0\u00a0\u00a0\u00a0\u00a0<\/span><b><span style=\"font-family: 'Calibri',sans-serif; color: #222222;\">\u00bfCu\u00e1l es tu rinc\u00f3n favorito actual de la Valencia real y la Valencia imaginada?<\/span><\/b><\/p>\n<p style=\"background: white; margin: 0cm 0cm 0cm 36.0pt;\"><b><span style=\"font-family: 'Calibri',sans-serif; color: #222222;\">\u00a0<\/span><\/b><\/p>\n<p style=\"background: white; margin: 0cm 0cm 0cm 36.0pt;\"><i><span style=\"font-family: 'Calibri',sans-serif; color: black;\">De la Valencia actual, la calle Alpuente de Benimamet. Es pura magia. Creo que acabar\u00e1 siendo la Traves\u00eda Hemingway en honor al c\u00e9lebre escritor que durante la guerra civil estuvo por all\u00ed. De la Valencia imaginada, la colina Naranja y su volc\u00e1n Mestalla, ahora inactivo. Quiz\u00e1 alg\u00fan d\u00eda la d\u00e9 a conocer en forma de novela.\u00a0<\/span><\/i><\/p>\n<p style=\"line-height: 12.65pt; background: white; margin: 0cm 0cm 0cm 36.0pt;\"><span style=\"font-family: 'Calibri',sans-serif; color: #222222;\">\u00a0<\/span><\/p>\n<p style=\"background: white; margin: 0cm 0cm 0cm 36.0pt;\"><b><span style=\"font-family: 'Calibri',sans-serif; color: #222222;\">8-<\/span><\/b><span style=\"font-size: 7.0pt; color: #222222;\">\u00a0\u00a0\u00a0\u00a0\u00a0<\/span><b><span style=\"font-family: 'Calibri',sans-serif; color: #222222;\">Has comentado varias veces que el f\u00fatbol te salv\u00f3 la vida y la literatura te salv\u00f3 del f\u00fatbol. \u00bfDe la literatura te salvar\u00e1 algo?<\/span><\/b><\/p>\n<p style=\"line-height: 12.65pt; background: white; margin: 0cm 0cm 0cm 36.0pt;\"><span style=\"font-size: 11.0pt; font-family: 'Calibri',sans-serif; color: #222222;\">\u00a0<\/span><\/p>\n<p style=\"line-height: 12.65pt; background: white; margin: 0cm 0cm 0cm 36.0pt;\"><i><span style=\"font-family: 'Calibri',sans-serif; color: black;\">Yo ya estoy amortizado. Imagino que tendr\u00e9 una muerte absurda por culpa de alguna hip\u00e9rbole mal digerida. Me persigue una rara fatalidad lacrim\u00f3gena. Por eso es mejor que no me deis mucho la brasa. Por vosotros mismos.\u00a0<\/span><\/i><\/p>\n<p style=\"line-height: 12.65pt; background: white; margin: 0cm 0cm 0cm 36.0pt;\"><span style=\"font-family: 'Calibri',sans-serif; color: #222222;\">\u00a0<\/span><\/p>\n<p style=\"background: white; margin: 0cm 0cm 0cm 36.0pt;\"><b><span style=\"font-family: 'Calibri',sans-serif; color: #222222;\">9-<\/span><\/b><span style=\"font-size: 7.0pt; color: #222222;\">\u00a0\u00a0\u00a0\u00a0\u00a0<\/span><b><span style=\"font-family: 'Calibri',sans-serif; color: #222222;\">\u00bfC\u00f3mo un hombre tortuga como t\u00fa puede sobrevivir en la Ciudad del Running? Si es que ya lo dec\u00eda tu madre, \u201cmi hijo no es malo, es raro\u201d. \u00bfAcabar\u00e1s tus d\u00edas escribiendo desde una Sociedad Protectora de Animales?<\/span><\/b><\/p>\n<p style=\"background: white; margin: 0cm 0cm 0cm 36.0pt;\"><b><span style=\"font-family: 'Calibri',sans-serif; color: #222222;\">\u00a0<\/span><\/b><\/p>\n<p style=\"background: white; margin: 0cm 0cm 0cm 36.0pt;\"><span style=\"font-family: 'Calibri',sans-serif; color: #222222;\">\u00a0<i>Mi gran ambici\u00f3n es que me adopte una Pitita del Eixample. Quiero ser como el perro Cuqui de la calle Sorn\u00ed, adicto a la mermelada.\u00a0<\/i><\/span><\/p>\n<p style=\"background: white; margin: 0cm 0cm 0cm 36.0pt;\"><span style=\"font-family: 'Calibri',sans-serif; color: #222222;\">\u00a0<\/span><\/p>\n<p style=\"background: white; margin: 0cm 0cm 0cm 36.0pt;\"><b><span style=\"font-family: 'Calibri',sans-serif; color: #222222;\">10-<\/span><\/b><span style=\"font-size: 7.0pt; color: #222222;\">\u00a0<\/span><b><span style=\"font-family: 'Calibri',sans-serif; color: #222222;\">Te iba a comentar algo que ahora no me acuerdo\u2026Algo que en \u201cLes promeses del divendres\u201d me ha llevado a \u201cC\u00e0ndid\u201d de Miquel Nadal, tambi\u00e9n publicado en Drassana\u2026 Ostia, ahora no me acuerdo\u2026 Ah s\u00ed\u2026 El olvido\u2026 \u00bfAl ser uno de los rasgos que siempre nos lastran, quiz\u00e1 lo hemos normalizado? Un hombre tortuga, \u00bfen el fondo no deber\u00eda sentirse c\u00f3modo en \u00e9l?<\/span><\/b><\/p>\n<p style=\"background: white; margin: 0cm 0cm 0cm 36.0pt;\"><span style=\"font-family: 'Calibri',sans-serif; color: #222222;\">\u00a0<\/span><\/p>\n<p style=\"background: white; margin: 0cm 0cm 0cm 36.0pt;\"><i><span style=\"font-family: 'Calibri',sans-serif; color: black;\">No s\u00e9 nano, esta pregunta me ha descolocado. No tengo respuesta.\u00a0<\/span><\/i><\/p>\n<p style=\"background: white; margin: 0cm 0cm 0cm 18.0pt;\"><span style=\"font-family: 'Calibri',sans-serif; color: #222222;\">\u00a0<\/span><\/p>\n<p style=\"margin: 0cm; background: white;\"><span style=\"font-family: 'Calibri',sans-serif; color: #222222;\">\u00a0<\/span><\/p>\n<p style=\"background: white; margin: 0cm 0cm 0cm 36.0pt;\"><b><span style=\"font-family: 'Calibri',sans-serif; color: #222222;\">11-<\/span><\/b><span style=\"font-size: 7.0pt; color: #222222;\">\u00a0<\/span><b><span style=\"font-family: 'Calibri',sans-serif; color: #222222;\">Una reflexi\u00f3n final. Los devotos de tu literatura deber\u00edamos hacer un sincero y sentido reconocimiento al deporte de dos ruedas. Debemos todo a tu Vespa y a tu bicicleta est\u00e1tica. Montado en la primera observas la ciudad a la que luego, sentado en la segunda, no puedes dejar de escribir.<\/span><\/b><\/p>\n<p style=\"background: white; margin: 0cm 0cm 0cm 36.0pt;\"><b><span style=\"font-family: 'Calibri',sans-serif; color: #222222;\">Estoy seguro que en unos a\u00f1os Valencia te devolver\u00e1 todas esas novelas de amor que le has escrito con un \u201cCarril Lahuerta\u201d que recorrer\u00e1 toda su piel.<\/span><\/b><\/p>\n<p style=\"background: white; margin: 0cm 0cm 0cm 36.0pt;\"><span style=\"font-family: 'Calibri',sans-serif; color: #222222;\">\u00a0<\/span><\/p>\n<p style=\"background: white; margin: 0cm 0cm 0cm 36.0pt;\"><span style=\"font-family: 'Calibri',sans-serif; color: #222222;\">\u00a0<i>En realidad, esta ciudad pasa de sus escritores. Yo la amo, pero ella no sabe que yo existo. Me conformar\u00eda con que los amigos de UVAM pusieran una plaquita en el horno, ahora un cajero autom\u00e1tico, de la calle Zurradores donde nac\u00ed. Algo as\u00ed como: \u00abOn s&#8217;ha fet pa sempre fa olor de pa\u00bb.\u00a0<\/i><\/span><\/p>\n<p style=\"background: white; margin: 0cm 0cm 0cm 36.0pt;\"><span style=\"font-size: 11.0pt; font-family: 'Calibri',sans-serif; color: #222222;\">\u00a0<\/span><\/p>\n<p style=\"background: white; margin: 0cm 0cm 0cm 36.0pt;\"><span style=\"font-family: 'Calibri',sans-serif; color: #222222;\">\u00a0<\/span><\/p>\n<p style=\"background: white; margin: 0cm 0cm 0cm 36.0pt;\"><span style=\"font-family: 'Calibri',sans-serif; color: #222222;\">Envueltos en la conversaci\u00f3n de dos colegas a los que durante muchos a\u00f1os nos separ\u00f3 El Sem\u00e1foro de Europa y nos junt\u00f3 Mestalla y sus alrededores, no nos hab\u00edamos dado cuenta que el Bioparc ya hab\u00eda cerrado sus puertas con nosotros dentro.<\/span><\/p>\n<p style=\"background: white; margin: 0cm 0cm 0cm 36.0pt;\"><span style=\"font-family: 'Calibri',sans-serif; color: #222222;\">Anochec\u00eda y pese a ser dalt\u00f3nicos animales supimos distinguir la zona de los chotos, nuestro h\u00e1bitat natural. Tambi\u00e9n la vida era eso, el balance de las oportunidades perdidas, aquella frase que nunca debi\u00f3 pronunciarse, aquel penalti de Pellegrino en Mil\u00e1n&#8230;<\/span><\/p>\n<p>\u00a0 \u00a0 \u00a0 \u00a0 \u00a0 \u00a0 <img loading=\"lazy\" decoding=\"async\" class=\"alignnone size-medium wp-image-650\" src=\"https:\/\/mestallidos.com\/wp-content\/uploads\/2025\/01\/imagen-2-300x219.jpg\" alt=\"\" width=\"300\" height=\"219\" srcset=\"https:\/\/mestallidos.com\/wp-content\/uploads\/2025\/01\/imagen-2-300x219.jpg 300w, https:\/\/mestallidos.com\/wp-content\/uploads\/2025\/01\/imagen-2-1024x747.jpg 1024w, https:\/\/mestallidos.com\/wp-content\/uploads\/2025\/01\/imagen-2-768x560.jpg 768w, https:\/\/mestallidos.com\/wp-content\/uploads\/2025\/01\/imagen-2.jpg 1480w\" sizes=\"auto, (max-width: 300px) 100vw, 300px\" \/>\u00a0 \u00a0 <img loading=\"lazy\" decoding=\"async\" class=\"alignnone size-medium wp-image-651\" src=\"https:\/\/mestallidos.com\/wp-content\/uploads\/2025\/01\/imagen-3-300x169.jpg\" alt=\"\" width=\"300\" height=\"169\" srcset=\"https:\/\/mestallidos.com\/wp-content\/uploads\/2025\/01\/imagen-3-300x169.jpg 300w, https:\/\/mestallidos.com\/wp-content\/uploads\/2025\/01\/imagen-3-1024x576.jpg 1024w, https:\/\/mestallidos.com\/wp-content\/uploads\/2025\/01\/imagen-3-768x432.jpg 768w, https:\/\/mestallidos.com\/wp-content\/uploads\/2025\/01\/imagen-3.jpg 1280w\" sizes=\"auto, (max-width: 300px) 100vw, 300px\" \/><\/p>\n<p><strong>\u00a0La promesa dels divendres. Editorial Drassana.<\/strong><\/p>\n<p>&nbsp;<\/p>\n<p>&nbsp;<\/p>\n<p>&nbsp;<\/p>\n<p>&nbsp;<\/p>\n","protected":false},"excerpt":{"rendered":"<p>CARRIL LAHUERTA. \u00a0 Qued\u00e9 con Rafa en el Bioparc. Se trataba de entablar una conversaci\u00f3n sobre su \u00faltimo libro \u201cLa promesa dels divendres\u201d (Drassana) mientras aprend\u00edamos a diferenciar las distintas especies de animales: camellos o dromedarios, gavilanes o palomas, patos o conejos, chotos o sapos\u2026 Por el hilo musical sonaba \u201cAmigo F\u00e9lix\u201d aquel super \u00e9xito [&hellip;]<\/p>\n","protected":false},"author":2,"featured_media":652,"comment_status":"closed","ping_status":"closed","sticky":false,"template":"","format":"standard","meta":{"footnotes":""},"categories":[2],"tags":[],"class_list":["post-653","post","type-post","status-publish","format-standard","has-post-thumbnail","hentry","category-mestallidos-se-pregunta"],"_links":{"self":[{"href":"https:\/\/mestallidos.com\/index.php?rest_route=\/wp\/v2\/posts\/653","targetHints":{"allow":["GET"]}}],"collection":[{"href":"https:\/\/mestallidos.com\/index.php?rest_route=\/wp\/v2\/posts"}],"about":[{"href":"https:\/\/mestallidos.com\/index.php?rest_route=\/wp\/v2\/types\/post"}],"author":[{"embeddable":true,"href":"https:\/\/mestallidos.com\/index.php?rest_route=\/wp\/v2\/users\/2"}],"replies":[{"embeddable":true,"href":"https:\/\/mestallidos.com\/index.php?rest_route=%2Fwp%2Fv2%2Fcomments&post=653"}],"version-history":[{"count":1,"href":"https:\/\/mestallidos.com\/index.php?rest_route=\/wp\/v2\/posts\/653\/revisions"}],"predecessor-version":[{"id":654,"href":"https:\/\/mestallidos.com\/index.php?rest_route=\/wp\/v2\/posts\/653\/revisions\/654"}],"wp:featuredmedia":[{"embeddable":true,"href":"https:\/\/mestallidos.com\/index.php?rest_route=\/wp\/v2\/media\/652"}],"wp:attachment":[{"href":"https:\/\/mestallidos.com\/index.php?rest_route=%2Fwp%2Fv2%2Fmedia&parent=653"}],"wp:term":[{"taxonomy":"category","embeddable":true,"href":"https:\/\/mestallidos.com\/index.php?rest_route=%2Fwp%2Fv2%2Fcategories&post=653"},{"taxonomy":"post_tag","embeddable":true,"href":"https:\/\/mestallidos.com\/index.php?rest_route=%2Fwp%2Fv2%2Ftags&post=653"}],"curies":[{"name":"wp","href":"https:\/\/api.w.org\/{rel}","templated":true}]}}