{"id":629,"date":"2023-10-11T20:57:59","date_gmt":"2023-10-11T20:57:59","guid":{"rendered":"https:\/\/mestallidos.com\/?p=629"},"modified":"2023-10-12T04:41:45","modified_gmt":"2023-10-12T04:41:45","slug":"letras-de-enea-una-especie-en-extincion","status":"publish","type":"post","link":"https:\/\/mestallidos.com\/?p=629","title":{"rendered":"El VALENCIA DE ENEA."},"content":{"rendered":"<p><strong>JR MARCH, EL RESTAURADOR DE HISTORIAS.<\/strong><\/p>\n<p>Qued\u00e9 con Jos\u00e9 Ricardo en \u201cLos Trasnochados\u201d, un after del pol\u00edgono de Silla. Cuando hizo aparici\u00f3n, los parroquianos se le giraron mientras murmuraban comentarios del tipo \u201cMira, un historiador del Valencia, pobrecillo\u201d, \u201cQu\u00e9 mala vida debe haber llevado para conseguir publicar un texto semanal en prensa durante tantos a\u00f1os\u201d, \u201cSe le ve muy delgado, normal, al final esa mala vida te pasa factura\u201d.<\/p>\n<p>Para evitar altercados, pusimos rumbo al bar del Ikea de Albal, compramos unas rosquilletas Deluxe y nos sentamos en la secci\u00f3n de sillas donde no encontramos ninguna de enea. All\u00ed, ante la mirada sorprendida de los clientes que caminaban en una \u00fanica direcci\u00f3n siguiendo las indicaciones de las flechas (parec\u00edan una mezcla de secundarios del v\u00eddeo Thriller de Michael Jackson y monchitos cartulineros de Peter Lim) dimos comienzo a esta conversaci\u00f3n.<\/p>\n<p>&nbsp;<\/p>\n<p><strong>1-Tu nuevo libro tiene m\u00e1s columnas que el Parten\u00f3n o el Nou Mestalla. Tuviste que hacer una selecci\u00f3n de todos los textos que escribiste en Las Provincias entre 2016 y 2022. \u00bfQu\u00e9 criterio seguiste? \u00bfTe fue sencillo?<\/strong><\/p>\n<p>Desconozco el n\u00famero de columnas con que cuenta el Antic Nou Mestalla (el Parten\u00f3n, seg\u00fan la Wikipedia, tiene ocho en cada cara corta y diecisiete en las largas. Total, cincuenta), pero s\u00ed, es bastante posible que \u201cSilla de enea\u201d supere en esta estad\u00edstica al magno coliseo soleriano-soriniano-llorentiano-salvista-merit\u00f3nico so\u00f1ado por Rita Barber\u00e1 y Paco Camps y dise\u00f1ado y requeterreformulado por Mark Fenwick: los textos que sujetan mi libro son, exactamente, ciento cincuenta. Como durante mi etapa como emborronador de p\u00e1ginas en \u201cLas Provincias\u201d escrib\u00ed doscientos ochenta y seis art\u00edculos (m\u00e1s alg\u00fan reportaje o pieza suelta, que tambi\u00e9n valen para la cuenta), la selecci\u00f3n se antojaba bastante compleja. Y, como buen indeciso y entrenador frustrado, puedo prometer que pas\u00e9 horas llenando cuartillas con alineaciones con \u201cprobables\u201d y \u201cposibles\u201d. Al final, una forma de escoger qu\u00e9 quedaba dentro y qu\u00e9 quedaba fuera de la convocatoria fue aplicar el olfato a lo publicado: aquellos escritos que olieran m\u00e1s a archivo e historia (un perfume, a veces, poco fragante) ten\u00edan billete asegurado a la inmortalidad bibliogr\u00e1fica -he aqu\u00ed, ni\u00f1os, la bonita figura ret\u00f3rica de la hip\u00e9rbole-. Tampoco pude dejar de incluir aquellas columnas en las que explicitaba mi postura ante la deriva del Valencia bajo el limismo, por aquello de poder demostrar que uno siempre se mantuvo en sus trece a pesar de todo y todos. Por \u00faltimo, me di el capricho de integrar en el proyecto de libro aquellos textos que cre\u00eda m\u00e1s o menos homologables a una literatura modesta, de baja intensidad. Aunque luego, claro, se ponen las columnas al lado de las de maestros como Nadal o Chilet y al que suscribe se le va la tonter\u00eda r\u00e1pidamente.<\/p>\n<p><strong>\u00a0<\/strong><\/p>\n<p><strong>2- \u00bfEntiendes ahora que la labor de Baraja como entrenador, teniendo que dejar a algunos jugadores fuera de la convocatoria, es m\u00e1s chunga de lo que a muchos les parece? \u00bfAlguna de las columnas que se han quedado fuera ha protestado?<\/strong><\/p>\n<p>Hay columnas aparentes aunque protestonas cual jugador tribunero que reclaman su espacio en la posteridad literaria, pero que han de conformarse con vegetar a la espera de que alg\u00fan historiador o estudioso de la prensa local las rescate dentro de un porr\u00f3n de a\u00f1os. Seremos cautos, por aquello de mantener la educaci\u00f3n y las formas, y diremos que s\u00ed, que algunas podr\u00edan haber estado en el libro, pero que cayeron en alguno de los cortes previos a la edici\u00f3n final.<\/p>\n<p>&nbsp;<\/p>\n<p><strong>3- En estos tiempos de velocidad, virtualidad y sillas de gamer, \u00bfcrees que hay\u00a0 lugar y tiempo para volvernos a sentar en sillas de enea para contemplar e interpretar la actualidad con calma y perspectiva?<\/strong><\/p>\n<p>Deber\u00eda haberlo, pero el marem\u00e1gnum ultracapitalista y megacomercial que envuelve al f\u00fatbol, que lo mantiene en la pr\u00e1ctica secuestrado (bajo un acusado s\u00edndrome de Estocolmo, todo sea dicho) y lo est\u00e1 matando a fuera de ahogar su esencia y de alejarlo de sus aficionados (ahora, \u201cfans\u201d, que es, en mi opini\u00f3n, una manera m\u00e1s suave de decir \u201cclientes\u201d), dificulta esa mirada sosegada que entronque con el pasado (cuyo conocimiento permite averiguar, o al menos intuir, las claves del funcionamiento de una entidad y su relaci\u00f3n con su entorno). Hoy el que se preocupa por estas cuestiones es visto como un plasta, un friki o un tipo demod\u00e9. Esto quiz\u00e1 suene mucho a viejuno y a visi\u00f3n apocal\u00edptica, y no habr\u00e1 quien deje de recordarme que toda la vida ha habido cascarrabias se han quejado ante la modernidad. Sin embargo, desde mi punto de vista, una cosa est\u00e1 clara: el ni\u00f1o que crece con el actual deporte mercantilizado, presentista, que presta poco o nada de atenci\u00f3n a sus cimientos y que queda deslumbrado por la fulgurante estela del Cavani de turno, ser\u00e1 en el futuro m\u00e1s maleable y manipulable en materia futbol\u00edstica y tendr\u00e1 m\u00e1s opciones de cambiar de equipo en cualquier momento de su vida. Espero, por el bien de todos, que el f\u00fatbol de franquicias tarde todav\u00eda mucho en asentarse en Espa\u00f1a. De lo contrario, acabaremos viendo un VLC-Bats blanquinegro establecido en Kuala Lumpur (o Johor) con una etiqueta que rezar\u00e1 \u201csince 1919\u201d a modo de \u00fanico v\u00ednculo con su origen. Menuda faena, \u00bfno?<\/p>\n<p>&nbsp;<\/p>\n<p><strong>4- \u00bfQu\u00e9 importancia le concedes al relato del club? \u00bfTenemos lo que merecemos por no haberlo sabido cuidar?. Tengo la impresi\u00f3n de que hist\u00f3ricamente lo hemos descuidado sin darle la trascendencia que merec\u00eda, mientras otros clubes lo han amplificado todo lo que han podido incluso recurriendo a la imaginaci\u00f3n o directamente al invento.<\/strong><\/p>\n<p>Una importancia enorme porque establece unos cimientos m\u00ednimos que sostienen la estructura de los clubes durante su trayecto vital (unos clubes que, recordemos, no han nacido anteayer, sino que son el producto de muchos avatares vividos a lo largo de d\u00e9cadas) y marca los caminos abiertos y fallidos por los que han transitado a lo largo de su historia, indicando l\u00edneas de acci\u00f3n. Es cierto que el relato puede ser sobado, manipulado o enriquecido con omisiones o a\u00f1adidos interesados. Pero el nuestro ha aguantado sorprendentemente bien hasta fechas recientes, seguramente por su potencia. Por ello discrepo (aunque en su momento yo tambi\u00e9n pensaba algo parecido) respecto a lo que comentas sobre el descuido del relato. Durante much\u00edsimo tiempo la narraci\u00f3n sobre el ayer del Valencia se traslad\u00f3 a trav\u00e9s de dos v\u00edas: una \u00e1grafa, articulada a partir de la memoria oral, y otra escrita, que quedaba diseminada en peque\u00f1as piezas period\u00edsticas publicadas en medios muy dispares. La primera plasmaci\u00f3n en un libro de dicho relato lleg\u00f3 en 1941 con un modesto volumen de Sincer\u00e1tor, aunque no ser\u00eda hasta finales de los sesenta y principios de los setenta cuando los hermanos Hern\u00e1ndez Perpi\u00f1\u00e1 dieron forma definitiva a los manuales b\u00e1sicos de historiograf\u00eda valencianista. Sus trabajos, herc\u00faleos, son producto de sus investigaciones (muy limitadas por su actividad profesional) y de la sociedad en la que vivieron (por lo que, l\u00f3gicamente, omiten episodios o personajes inc\u00f3modos durante el franquismo), y ha tardado en ser revisado (como ocurre con cualquier obra can\u00f3nica, por otra parte). Algo que me gusta y enorgullece es que a lo largo de las dos \u00faltimas d\u00e9cadas han brotado como setas voces que lo han ampliado y actualizado, y creo que podemos estar orgullosos de ello. Ninguna afici\u00f3n del mundo puede presumir de tener un instrumento tan completo, \u00fatil y evocador como Ciberch\u00e9, por ejemplo, que es puro relato. Otra cosa es que el club no aproveche las ense\u00f1anzas que derivan de su historia o tarde, qui\u00e9n sabe por qu\u00e9, en incorporar o asumir el resultado de estas investigaciones o experiencias.<\/p>\n<p>&nbsp;<\/p>\n<p><strong>5- Imagina que te encuentras una l\u00e1mpara m\u00e1gica, sale Eugenio y te dice: Saben aquel que diu que le concedo a J.R. un deseo\u2026De las muchas reivindicaciones hist\u00f3ricas que a\u00fan debe hacer el valencianismo y a\u00fan est\u00e1n pendientes, elige una y se te concede inmediatamente. \u00bfCu\u00e1l escoger\u00edas?<\/strong><\/p>\n<p>Como creo que no colar\u00e1 la de devolver la propiedad de la sociedad a sus aficionados, me gustar\u00eda que el Valencia recuperara su apelativo tradicional (Valencia Football Club -o, si se quiere, Valencia F\u00fatbol Club, por aquello de mitigar el anglicismo-) y que retomara la actividad de las secciones deportivas, que Paco Roig se carg\u00f3 de un plumazo a mediados de los noventa con la excusa de que eran \u201cdemasiado caras\u201d. Costaban menos, por cierto, de lo que \u00e9l se embolsaba como \u201cpresidente profesional\u201d de la entidad.<\/p>\n<p>&nbsp;<\/p>\n<p><strong>6- De todos los logros que tus columnas reivindicativas han conseguido, \u00bfde cu\u00e1l te encuentras m\u00e1s satisfecho?<\/strong><\/p>\n<p>Partiendo de la modestia de los logros que apuntas, me siento muy orgulloso de haber ayudado a la recuperaci\u00f3n oficial de presidentes olvidados del Valencia como Rafael Bau o Josep Rodr\u00edguez Tortajada (aunque este \u00faltimo es un logro colectivo) y tambi\u00e9n de haber evitado que los restos de un personaje esencial en la historia del f\u00fatbol valenciano como Ram\u00f3n Leonarte fueran arrojados a una fosa com\u00fan. Asimismo, creo que mi labor ha sido importante para desbrozar algunos caminos repletos de espinas: dar con el verdadero nombre y relatar las circunstancias del segundo entrenador en la historia del Valencia, Jimmy Elliott; recuperar historias de nuestro equipo durante la Guerra Civil que nunca se hab\u00edan contado; relatar las peripecias de la colonia valenciana de M\u00e9xico, repleta de aficionados valencianistas; explicar con abundante documentaci\u00f3n in\u00e9dita el fallido fichaje de Pel\u00e9\u2026<\/p>\n<p>&nbsp;<\/p>\n<p><strong>7-Si tuvieras la oportunidad de viajar en una m\u00e1quina del tiempo, \u00bfa qu\u00e9 \u00e9poca de los 103 a\u00f1os de historia del Valencia viajar\u00edas? <\/strong><\/p>\n<p>Es dif\u00edcil, pero siento una querencia especial, que se nota en el libro -y en mis tuits; alg\u00fan pl\u00fambeo antif\u00e1n con mucho tiempo libre suele achacarme con cierta regularidad lo pesado que me pongo cuando buceo en archivos y comparto mis descubrimientos- por el per\u00edodo que se extiende entre la fundaci\u00f3n del club y el final de la Guerra Civil. En muy pocos a\u00f1os el Valencia nace, a partir de la base de interesantes experiencias como el Espa\u00f1ol o el Sagunto, y trasciende el \u00e1mbito local, convirti\u00e9ndose en un verdadero fen\u00f3meno social. El ambiente pol\u00edtico, social, period\u00edstico y deportivo de aquella Valencia de los a\u00f1os veinte y treinta (de la que salen h\u00e9roes de masas como F\u00e9lix Azzati, Manuel Granero, Concha Piquer y, entre los futbolistas, Gaspar Rubio, Eduardo Cubells o Arturo Montes) me fascina.<\/p>\n<p>&nbsp;<\/p>\n<p><strong>8-Elige tu once hist\u00f3rico del Valencia, pero no \u00a0de jugadores por su faceta dentro del terreno de juego, sino de empleados, cargos, aficionados, etc que han trascendido a lo largo de todos estos a\u00f1os. \u00bfQui\u00e9nes son tus imprescindibles?<\/strong><\/p>\n<p>Uno siempre ha de actuar con precauci\u00f3n, porque tras cada nombre se esconde una o varias omisiones, pero me aventurar\u00e9 a dar un listado de once personajes sin los cuales el Valencia habr\u00eda sido muy diferente: Octavio Augusto Milego y Gonzalo Medina (a quienes debemos la existencia de nuestro club); Luis Colina y Vicente Peris (quienes hicieron funcionar la nave de manera espl\u00e9ndida durante casi medio siglo, situando al Valencia en un plano de modernidad); Arturo Tuz\u00f3n (quien evit\u00f3 la desaparici\u00f3n de la entidad sorteando el, hasta ahora, momento m\u00e1s dif\u00edcil en nuestra historia); Jos\u00e9 Llorca (hombre para todo, a quien el Valencia todav\u00eda le debe el homenaje que nunca le tribut\u00f3); Eduardo Cubells (la primera gran estrella, prototipo de hombre de club), Anton Fiv\u00e9br y Leopoldo Costa \u201cRino\u201d (quienes sentaron las bases de la cantera, uno de los grandes secretos de la historia del Valencia) y Jos\u00e9 Manuel y Jaime Hern\u00e1ndez Perpi\u00f1\u00e1 (que moldearon el relato y nos ayudaron a comprender qui\u00e9nes somos y por qu\u00e9 somos valencianistas).<\/p>\n<p>&nbsp;<\/p>\n<p><strong>9- Adem\u00e1s de tu pasi\u00f3n por el f\u00fatbol, eres un gran aficionado a la m\u00fasica. \u00bfQu\u00e9 canciones crees que podr\u00edan ser la banda sonora de Silla de Enea?. Y hablando de m\u00fasica, ahora que es un tema de actualidad, \u00bfqu\u00e9 canci\u00f3n pondr\u00edas en Mestalla para que los aficionados la hicieran suya?<\/strong><\/p>\n<p>Me encantan las canciones que La Gran Esperanza Blanca ha dedicado directa o indirectamente al Valencia (\u201cBronco\u201d, \u201cNostalgia de Bell-Ville\u201d, \u201cMestalla\u201d, \u201cSarri\u00e1 71\u201d, \u201cVolver\u00e1n\u201d) y creo que por su potencia sonora y profundidad l\u00edrica merecen sonar en nuestro estadio. En la preciosa \u201cMestalla\u201d, por ejemplo, Cisco Fran emplea un fraseo que podr\u00eda ser adaptado con facilidad por la grada. Llevamos toda la vida buscando una suerte de \u201cYou\u2019ll never walk alone\u201d (con algunos \u00e9xitos parciales, como los temas de Emilio Solo y Tardor o el c\u00e1ntico espont\u00e1neo y emocionante de \u201cUn beso y una flor\u201d por parte del p\u00fablico) y creo que este tema re\u00fane las condiciones para serlo.<\/p>\n<p>&nbsp;<\/p>\n<p><strong>10-La bibliograf\u00eda sobre nuestro querido Valencia, que hasta hace unos a\u00f1os era muy poca, est\u00e1 viviendo una \u00e9poca dorada con la publicaci\u00f3n de varias obras estos \u00fatimos a\u00f1os. \u00bfTe atrever\u00edas a recomendar cinco?<\/strong><\/p>\n<p>S\u00ed, de manera breve, centr\u00e1ndome en los \u00faltimos veinticinco a\u00f1os y sin andarme por las ramas: \u201cLa balada del Bar Torino\u201d, de Rafa Lahuerta, es nuestro abec\u00e9 sentimental: ah\u00ed est\u00e1 todo lo que supone ser del Valencia; \u201cMestalla, momentos m\u00e1gicos\u201d, de Paco Lloret, es una estupenda aproximaci\u00f3n gr\u00e1fica a nuestra historia; \u201cTodos los hombres del murci\u00e9lago\u201d, de Joaqu\u00edn Borrell, es tan exhaustiva como divertida y proporciona mil claves sobre los protagonistas de nuestro club; \u201cLa voluntad de querer llegar\u201d es un esfuerzo colectivo, muy recomendable para el lector que desee iniciarse en el conocimiento de la trayectoria de la entidad; y \u201cEl nacimiento de la ciudad deportiva\u201d, de Miquel Nadal, que sin ser un libro dedicado exclusivamente al Valencia, es esencial por lo que cuenta y por c\u00f3mo lo cuenta: las investigaciones de Miquel son la base de todos los hallazgos historiogr\u00e1ficos que vinieron despu\u00e9s.<\/p>\n<p>&nbsp;<\/p>\n<p><strong>11-\u00bfCrees que el futuro del f\u00fatbol pasa por modelos como los del CDCM (club popular al que destinas los beneficios de la venta del libro) donde la afici\u00f3n vuelva a ser protagonista y no meros clientes o consumidores sin voz ni voto?<\/strong><\/p>\n<p>El modelo del hist\u00f3rico Club Deportivo Cuenca (que, no lo olvidemos, mantuvo en su tiempo una estrecha relaci\u00f3n con el Valencia, hasta el punto de convertirse en la base para crear el Club Deportivo Mestalla en 1944) es el mismo, adaptado a nuestra realidad local y a la modestia del club, que encarnan entidades como el FC United of Manchester o el Unionistas de Salamanca: esto es, una sociedad asamblearia, que desarrolla su camino a partir de las decisiones que toma su masa de aficionados; profundamente arraigada en su entorno; con una marcada conciencia social y voluntad de honrar su pasado. Como se ha podido comprobar, estos clubes son perfectamente sostenibles, puesto que su funcionamiento democr\u00e1tico y la continua fiscalizaci\u00f3n que realizan los socios impiden que dirigentes megal\u00f3manos se embarquen en sinsentidos econ\u00f3micos y deportivos como los que han llevado a la ruina a cientos de clubes. Es cierto que el f\u00fatbol espa\u00f1ol, especialmente el de \u00e9lite, es muy diferente del ingl\u00e9s o el alem\u00e1n, donde modelos como estos tienen m\u00e1s posibilidades de \u00e9xito (ahora bien, reitero, ah\u00ed queda el inspirador ejemplo del Unionistas). Pero poco a poco est\u00e1n brotando en cada rinc\u00f3n de la pen\u00ednsula clubes con parecidos presupuestos e intenciones y eso no deja de ser una esperanza para el futuro. Para m\u00ed es un placer formar parte de la estructura del Cuenca-Mestallistes y contribuir a su funcionamiento e invito a todos los lectores a acercarse a conocer su modelo de funcionamiento.<\/p>\n<p><img loading=\"lazy\" decoding=\"async\" class=\"alignnone size-medium wp-image-628\" src=\"https:\/\/mestallidos.com\/wp-content\/uploads\/2023\/10\/Foto-silla-de-enea-226x300.jpg\" alt=\"\" width=\"226\" height=\"300\" srcset=\"https:\/\/mestallidos.com\/wp-content\/uploads\/2023\/10\/Foto-silla-de-enea-226x300.jpg 226w, https:\/\/mestallidos.com\/wp-content\/uploads\/2023\/10\/Foto-silla-de-enea-771x1024.jpg 771w, https:\/\/mestallidos.com\/wp-content\/uploads\/2023\/10\/Foto-silla-de-enea-768x1020.jpg 768w, https:\/\/mestallidos.com\/wp-content\/uploads\/2023\/10\/Foto-silla-de-enea-1157x1536.jpg 1157w, https:\/\/mestallidos.com\/wp-content\/uploads\/2023\/10\/Foto-silla-de-enea.jpg 1542w\" sizes=\"auto, (max-width: 226px) 100vw, 226px\" \/><\/p>\n<p><strong>Jos\u00e9 Ricardo March, autor de Silla de Enea publicado por NPQ Editores.<\/strong><\/p>\n","protected":false},"excerpt":{"rendered":"<p>JR MARCH, EL RESTAURADOR DE HISTORIAS. Qued\u00e9 con Jos\u00e9 Ricardo en \u201cLos Trasnochados\u201d, un after del pol\u00edgono de Silla. Cuando hizo aparici\u00f3n, los parroquianos se le giraron mientras murmuraban comentarios del tipo \u201cMira, un historiador del Valencia, pobrecillo\u201d, \u201cQu\u00e9 mala vida debe haber llevado para conseguir publicar un texto semanal en prensa durante tantos a\u00f1os\u201d, [&hellip;]<\/p>\n","protected":false},"author":2,"featured_media":628,"comment_status":"closed","ping_status":"closed","sticky":false,"template":"","format":"standard","meta":{"footnotes":""},"categories":[2],"tags":[],"class_list":["post-629","post","type-post","status-publish","format-standard","has-post-thumbnail","hentry","category-mestallidos-se-pregunta"],"_links":{"self":[{"href":"https:\/\/mestallidos.com\/index.php?rest_route=\/wp\/v2\/posts\/629","targetHints":{"allow":["GET"]}}],"collection":[{"href":"https:\/\/mestallidos.com\/index.php?rest_route=\/wp\/v2\/posts"}],"about":[{"href":"https:\/\/mestallidos.com\/index.php?rest_route=\/wp\/v2\/types\/post"}],"author":[{"embeddable":true,"href":"https:\/\/mestallidos.com\/index.php?rest_route=\/wp\/v2\/users\/2"}],"replies":[{"embeddable":true,"href":"https:\/\/mestallidos.com\/index.php?rest_route=%2Fwp%2Fv2%2Fcomments&post=629"}],"version-history":[{"count":3,"href":"https:\/\/mestallidos.com\/index.php?rest_route=\/wp\/v2\/posts\/629\/revisions"}],"predecessor-version":[{"id":632,"href":"https:\/\/mestallidos.com\/index.php?rest_route=\/wp\/v2\/posts\/629\/revisions\/632"}],"wp:featuredmedia":[{"embeddable":true,"href":"https:\/\/mestallidos.com\/index.php?rest_route=\/wp\/v2\/media\/628"}],"wp:attachment":[{"href":"https:\/\/mestallidos.com\/index.php?rest_route=%2Fwp%2Fv2%2Fmedia&parent=629"}],"wp:term":[{"taxonomy":"category","embeddable":true,"href":"https:\/\/mestallidos.com\/index.php?rest_route=%2Fwp%2Fv2%2Fcategories&post=629"},{"taxonomy":"post_tag","embeddable":true,"href":"https:\/\/mestallidos.com\/index.php?rest_route=%2Fwp%2Fv2%2Ftags&post=629"}],"curies":[{"name":"wp","href":"https:\/\/api.w.org\/{rel}","templated":true}]}}