{"id":623,"date":"2023-09-17T09:01:30","date_gmt":"2023-09-17T09:01:30","guid":{"rendered":"https:\/\/mestallidos.com\/?p=623"},"modified":"2023-09-17T09:10:18","modified_gmt":"2023-09-17T09:10:18","slug":"esto-es-mestalla","status":"publish","type":"post","link":"https:\/\/mestallidos.com\/?p=623","title":{"rendered":"ESTO ES MESTALLA."},"content":{"rendered":"<p>Por fin lo hemos conseguido, minuto noventa y pico, tres a cero en el marcador contra el Atleti y Mestalla, m\u00e1s de cuarenta y cinco mil valencianistas, cantando \u00abPeter vete ya\u00bb.<\/p>\n<p>Por fin lo hemos conseguido, el \u00e1rbol ya no nos impide ver el bosque. Podemos perder\u00a0 contra el Alav\u00e9s en un partido lamentable o ganar a los colchoneros en un partido\u00a0 memorable, pero sabemos realmente qu\u00e9 es lo que importa, qu\u00e9 es lo circunstancial y qu\u00e9 lo estructural.<\/p>\n<p>Por fin lo hemos conseguido, esto va de apoyar al equipo y gritar contra sus indignos gestores porque unos est\u00e1 tirando del club y los otros destruy\u00e9ndolo.<\/p>\n<p>Por fin lo hemos conseguido, comprender y dejar claro que solo los muy imb\u00e9ciles pueden desear que pierda el equipo y solo los muy idiotas que Meriton no se largue.<\/p>\n<p>Por fin lo hemos conseguido, se trata de aunar en un mismo grito, conciso y contundente: \u00abAmunt Valencia\u00bb y \u00abPeter vete ya\u00bb porque son sin\u00f3nimos de amor al club.<\/p>\n<p>A\u00fan los tenemos aqu\u00ed, es cierto, pero los largaremos, ya queda menos, y nosotros continuaremos junto a nuestro Valencia, como siempre ha sido desde 1919.<\/p>\n<p>\u00a1Lo conseguiremos!<\/p>\n<p><img loading=\"lazy\" decoding=\"async\" class=\"alignnone size-medium wp-image-621\" src=\"https:\/\/mestallidos.com\/wp-content\/uploads\/2023\/09\/LIM-GO-HOME-300x214.jpg\" alt=\"\" width=\"300\" height=\"214\" srcset=\"https:\/\/mestallidos.com\/wp-content\/uploads\/2023\/09\/LIM-GO-HOME-300x214.jpg 300w, https:\/\/mestallidos.com\/wp-content\/uploads\/2023\/09\/LIM-GO-HOME.jpg 680w\" sizes=\"auto, (max-width: 300px) 100vw, 300px\" \/><\/p>\n<p>Desde el Tendido 7 de Mestalla, capital del mundo. Del amor a un sentimiento al humor de una afici\u00f3n:<\/p>\n<p>Amunt Valencia y Lim Go Home!!<\/p>\n","protected":false},"excerpt":{"rendered":"<p>Por fin lo hemos conseguido, minuto noventa y pico, tres a cero en el marcador contra el Atleti y Mestalla, m\u00e1s de cuarenta y cinco mil valencianistas, cantando \u00abPeter vete ya\u00bb. Por fin lo hemos conseguido, el \u00e1rbol ya no nos impide ver el bosque. Podemos perder\u00a0 contra el Alav\u00e9s en un partido lamentable o [&hellip;]<\/p>\n","protected":false},"author":2,"featured_media":622,"comment_status":"closed","ping_status":"closed","sticky":false,"template":"","format":"standard","meta":{"footnotes":""},"categories":[19],"tags":[],"class_list":["post-623","post","type-post","status-publish","format-standard","has-post-thumbnail","hentry","category-senteuse-collons"],"_links":{"self":[{"href":"https:\/\/mestallidos.com\/index.php?rest_route=\/wp\/v2\/posts\/623","targetHints":{"allow":["GET"]}}],"collection":[{"href":"https:\/\/mestallidos.com\/index.php?rest_route=\/wp\/v2\/posts"}],"about":[{"href":"https:\/\/mestallidos.com\/index.php?rest_route=\/wp\/v2\/types\/post"}],"author":[{"embeddable":true,"href":"https:\/\/mestallidos.com\/index.php?rest_route=\/wp\/v2\/users\/2"}],"replies":[{"embeddable":true,"href":"https:\/\/mestallidos.com\/index.php?rest_route=%2Fwp%2Fv2%2Fcomments&post=623"}],"version-history":[{"count":3,"href":"https:\/\/mestallidos.com\/index.php?rest_route=\/wp\/v2\/posts\/623\/revisions"}],"predecessor-version":[{"id":626,"href":"https:\/\/mestallidos.com\/index.php?rest_route=\/wp\/v2\/posts\/623\/revisions\/626"}],"wp:featuredmedia":[{"embeddable":true,"href":"https:\/\/mestallidos.com\/index.php?rest_route=\/wp\/v2\/media\/622"}],"wp:attachment":[{"href":"https:\/\/mestallidos.com\/index.php?rest_route=%2Fwp%2Fv2%2Fmedia&parent=623"}],"wp:term":[{"taxonomy":"category","embeddable":true,"href":"https:\/\/mestallidos.com\/index.php?rest_route=%2Fwp%2Fv2%2Fcategories&post=623"},{"taxonomy":"post_tag","embeddable":true,"href":"https:\/\/mestallidos.com\/index.php?rest_route=%2Fwp%2Fv2%2Ftags&post=623"}],"curies":[{"name":"wp","href":"https:\/\/api.w.org\/{rel}","templated":true}]}}