{"id":542,"date":"2022-11-18T18:53:32","date_gmt":"2022-11-18T18:53:32","guid":{"rendered":"https:\/\/mestallidos.com\/?p=542"},"modified":"2022-11-18T18:53:32","modified_gmt":"2022-11-18T18:53:32","slug":"todos-a-la-carcel-1993","status":"publish","type":"post","link":"https:\/\/mestallidos.com\/?p=542","title":{"rendered":"TODOS A LA CARCEL  (1993)"},"content":{"rendered":"<p><strong>TODOS A LA CARCEL. 1993.<\/strong><\/p>\n<p><strong>\u00a0<\/strong><\/p>\n<p><em>En la C\u00e1rcel Modelo de Valencia se celebra el D\u00eda Internacional del Preso de Conciencia, para lo que se inician una serie de preparativos. El evento se plantea como un d\u00eda de solidaridad y fraternidad, pero todos los asistentes buscar\u00e1n intereses diversos y ego\u00edstas. Entre las situaciones m\u00e1s disparatadas se planea la fuga de un mafioso italiano que vive a cuerpo de rey en la prisi\u00f3n. Todo ello bajo un mot\u00edn de presos que hacen m\u00e1s ca\u00f3tica la situaci\u00f3n.<\/em><\/p>\n<p><em>\u00a0<\/em><\/p>\n<p><em>\u00a0<\/em>Nueva comedia coral de un Berlanga en estado puro y atronador ejerciendo su maestr\u00eda en un escenario fijo (fue uno de los condicionantes que impuso para el rodaje) de la ciudad de Valencia, la antigua c\u00e1rcel modelo que actualmente es un macro complejo administrativo\u2026<\/p>\n<p>Las escenas, como ya caracterizaron a Moros y Cristianos, son una sucesi\u00f3n de tracas y terremotos, unos tras otros, como la actualidad valencianista desde hace muchos a\u00f1os, m\u00e1s propensa a aparecer en p\u00e1ginas de sucesos, tribunales o econom\u00eda que en las espec\u00edficamente deportivas.<\/p>\n<p>Hasta intentos de secuestro (Juan Soler- Vicente Soriano) hemos llegado a tener, al m\u00e1s puro estilo mafioso del italiano Tornicelli que Torrebruno interpreta en la pel\u00edcula ocupando una celda que bien podr\u00eda ser una suitte de lujo desde la que disfruta del compadreo y atenciones de los funcionarios de prisiones, quienes reciben a cambio obsequios del capo.<\/p>\n<p>Para algunos estudiosos de la obra de Berlanga podr\u00eda haber sido el primer ep\u00edlogo de su filmograf\u00eda. La pel\u00edcula fue galardonada con tres premios Goya: mejor pel\u00edcula, direcci\u00f3n y sonido.<\/p>\n<p>Pese al continuo torbellino de situaciones disparatadas, la pel\u00edcula termina por autocontrolarse en cada momento. Nada que ver con el devenir valencianista que en vez de haberse ido apaciguando cada cierto tiempo o etapas, ha ido ganando gravedad hasta desembocar en la venta del club.<\/p>\n<p>En el argumento de nuevo nos encontramos con un fin de aparente bondad, fraternidad y solidaridad, pero tras el que se desenvuelven una serie de personajes que ans\u00edan aprovecharse de la situaci\u00f3n para sus lucros y beneficios particulares. Nadie se salva, ninguno es de fiar. Podr\u00edamos extrapolarlo, una vez m\u00e1s, a muchos de los \u00faltimos presidentes y gestores que ha tenido nuestro Valencia, con sus respectivos intereses partidistas en perjuicio del club. Prestigio social, r\u00e9ditos econ\u00f3micos, etc.<\/p>\n<p>En la pel\u00edcula se dan muchas situaciones escatol\u00f3gicas, como un cocinero orinando en el marmitako que est\u00e1 cocinando o las \u201ccacofon\u00edas\u201d a modo de voces de presos que se escuchan a trav\u00e9s del inodoro.<\/p>\n<p>Berlanga volvi\u00f3 a priorizar las risas a la ortodoxia, como \u00e9l mismo calificaba con iron\u00eda, de creador exquisito. La risa como \u00fanica meta pero no exenta de cr\u00edtica y reflexi\u00f3n, esa que tantas veces nos falta a los valencianistas y que deber\u00edamos valorar antes de poner alfombras rojas a salvadores externos.<\/p>\n<p>Muchos analistas consideran esta pel\u00edcula como una continuaci\u00f3n de la llamada Trilog\u00eda Nacional. Ahora en lugar de repartir tortas a la aristocracia y la burgues\u00eda de la derecha, Berlanga lo hace a los movimientos progresistas que caracterizaban la primera etapa socialista. El maestro siempre incomodando desde su innegociable libertad, tocando libremente los cojones a unos y otros. \u00a0No cae en la simplicidad de muchos debates valencianistas en los que si criticas a Meriton es porque eres de Llorente, o viceversa. O en el manique\u00edsmo de los que legitiman a Meriton con el recurrente \u201cHaberlos puesto t\u00fa\u201d.<\/p>\n<p>En esa especie de Bioparc en el que se convierte la C\u00e1rcel Modelo de Valencia, conviven desde un comunista que lleva toda la vida preso y solo piensa, literalmente en follar y comer, interpretado por Manuel Alexandre, hasta un falangista ac\u00e9rrimo como el que interpreta Rafael Alonso.<\/p>\n<p>Berlanga hace un gui\u00f1o a la Escopeta Nacional cuando Antonio Resines comenta: \u201cLa c\u00e1rcel es el mejor sitio para hacer negocios, antes con Franco eran las cacer\u00edas\u201d. Podr\u00edamos actualizar esa lista haciendo menci\u00f3n a los palcos de los equipos comprados como medios para hacer networking.<\/p>\n<p>La pel\u00edcula es otro lienzo que el genio incorpora al mejor retrato sat\u00edrico de la Espa\u00f1a que abarca desde la propia Guerra Civil (La Vaquilla) hasta los primeros a\u00f1os de la democracia, pero que es perfectamente v\u00e1lido para todas las etapas que han venido posteriormente.<\/p>\n<p>A diferencia de la ternura que pod\u00edamos encontrar en La Vaquilla, ahora ya no desprende piedad ni comprensi\u00f3n, es mucho m\u00e1s duro con estos personajes que act\u00faan con premeditaci\u00f3n y alevos\u00eda. Al estilo Meriton y sus c\u00f3mplices que ya no enga\u00f1an a nadie. Solo los interesados est\u00e1n dispuestos a darles nuevas oportunidades.<\/p>\n<p>En la pel\u00edcula, Berlanga, como todos los genios capaz de re\u00edrse de s\u00ed mismo, incorpor\u00f3 una an\u00e9cdota real que a \u00e9l le hab\u00eda pasado unos a\u00f1os antes cuando en su etapa de director de la Filmoteca Nacional fue cesado de una manera subrealista por Pilar Mir\u00f3.<\/p>\n<p>La escena en cuesti\u00f3n se produce cuando un ministro llega a prisi\u00f3n y comenta a un subsecretario que ha firmado algo para \u00e9l esa misma ma\u00f1ana. Como no recuerda exactamente qu\u00e9, le pregunta a su asesor, quien le confirma que lo que ha firmado es su cese. As\u00ed es como una d\u00e9cada antes el ministro Solana notific\u00f3 a Berlanga su despido firmado por Pilar Mir\u00f3.<\/p>\n<p>En Valenciast\u00e1n, las escenas de muchos despidos podr\u00edan haberse rodado en un plano secuencia desde el Bar La Deportiva hasta las oficinas del club, que durante la etapa de Anil Murthy ven\u00eda a ser lo mismo.<\/p>\n<p>En la escena final, en mitad de un baile, Artemio Bermejo (interpretado por el gran Saza en otro gui\u00f1o a la Escopeta Nacional), siendo consciente de la frustraci\u00f3n de sus logros, quiz\u00e1 los menos viciados de todos los que se exponen en la pel\u00edcula, totalmente desquiciado se dirige a la c\u00e1mara y se tira un tremendo pedo, una declaraci\u00f3n de intenciones hacia un pa\u00eds gestionado por corruptos, como el f\u00fatbol de hoy en d\u00eda, Mundial de Qatar incluido.<\/p>\n<p><img loading=\"lazy\" decoding=\"async\" class=\"alignnone size-medium wp-image-501\" src=\"https:\/\/mestallidos.com\/wp-content\/uploads\/2022\/08\/todos-carcel-berlanga_xoptimizadax-k6PE-U2016759091789YE-660x371@Las-Provincias-300x169.jpg\" alt=\"\" width=\"300\" height=\"169\" srcset=\"https:\/\/mestallidos.com\/wp-content\/uploads\/2022\/08\/todos-carcel-berlanga_xoptimizadax-k6PE-U2016759091789YE-660x371@Las-Provincias-300x169.jpg 300w, https:\/\/mestallidos.com\/wp-content\/uploads\/2022\/08\/todos-carcel-berlanga_xoptimizadax-k6PE-U2016759091789YE-660x371@Las-Provincias.jpg 660w\" sizes=\"auto, (max-width: 300px) 100vw, 300px\" \/><\/p>\n<p>Amunt Valencia!<\/p>\n<p>Amunt Berlanga!!<\/p>\n<p>Amunt Imperio Cheaustroh\u00fangaro!!!<\/p>\n","protected":false},"excerpt":{"rendered":"<p>TODOS A LA CARCEL. 1993. \u00a0 En la C\u00e1rcel Modelo de Valencia se celebra el D\u00eda Internacional del Preso de Conciencia, para lo que se inician una serie de preparativos. El evento se plantea como un d\u00eda de solidaridad y fraternidad, pero todos los asistentes buscar\u00e1n intereses diversos y ego\u00edstas. Entre las situaciones m\u00e1s disparatadas [&hellip;]<\/p>\n","protected":false},"author":2,"featured_media":500,"comment_status":"open","ping_status":"closed","sticky":false,"template":"","format":"standard","meta":{"footnotes":""},"categories":[3],"tags":[],"class_list":["post-542","post","type-post","status-publish","format-standard","has-post-thumbnail","hentry","category-imperio-cheaustrohungaro"],"_links":{"self":[{"href":"https:\/\/mestallidos.com\/index.php?rest_route=\/wp\/v2\/posts\/542","targetHints":{"allow":["GET"]}}],"collection":[{"href":"https:\/\/mestallidos.com\/index.php?rest_route=\/wp\/v2\/posts"}],"about":[{"href":"https:\/\/mestallidos.com\/index.php?rest_route=\/wp\/v2\/types\/post"}],"author":[{"embeddable":true,"href":"https:\/\/mestallidos.com\/index.php?rest_route=\/wp\/v2\/users\/2"}],"replies":[{"embeddable":true,"href":"https:\/\/mestallidos.com\/index.php?rest_route=%2Fwp%2Fv2%2Fcomments&post=542"}],"version-history":[{"count":1,"href":"https:\/\/mestallidos.com\/index.php?rest_route=\/wp\/v2\/posts\/542\/revisions"}],"predecessor-version":[{"id":543,"href":"https:\/\/mestallidos.com\/index.php?rest_route=\/wp\/v2\/posts\/542\/revisions\/543"}],"wp:featuredmedia":[{"embeddable":true,"href":"https:\/\/mestallidos.com\/index.php?rest_route=\/wp\/v2\/media\/500"}],"wp:attachment":[{"href":"https:\/\/mestallidos.com\/index.php?rest_route=%2Fwp%2Fv2%2Fmedia&parent=542"}],"wp:term":[{"taxonomy":"category","embeddable":true,"href":"https:\/\/mestallidos.com\/index.php?rest_route=%2Fwp%2Fv2%2Fcategories&post=542"},{"taxonomy":"post_tag","embeddable":true,"href":"https:\/\/mestallidos.com\/index.php?rest_route=%2Fwp%2Fv2%2Ftags&post=542"}],"curies":[{"name":"wp","href":"https:\/\/api.w.org\/{rel}","templated":true}]}}