{"id":520,"date":"2022-09-09T16:00:26","date_gmt":"2022-09-09T16:00:26","guid":{"rendered":"https:\/\/mestallidos.com\/?p=520"},"modified":"2022-09-09T16:00:26","modified_gmt":"2022-09-09T16:00:26","slug":"chanquete-ha-muerto","status":"publish","type":"post","link":"https:\/\/mestallidos.com\/?p=520","title":{"rendered":"CHANQUETE HA MUERTO"},"content":{"rendered":"<p>La primera vez que vimos Verano Azul se nos humedecieron los ojos con la muerte de Chanquete y el final del verano. Las ocho siguientes est\u00e1bamos deseando que palmara de una vez el viejo marinero de los cojones que ten\u00eda m\u00e1s vidas que un gato y pusieran otra serie m\u00e1s interesante y moderna, fuera Corrupci\u00f3n en Miami (no confundir con Singapur) o El Superh\u00e9roe Americano (no confundir con el hijo de otro pescador que tambi\u00e9n iba de superh\u00e9roe salvador).<\/p>\n<p>Es lo que tiene saberse la historia de memoria, su trama y el desenlace. A base de repeticiones, los acomodados programadores de Televisi\u00f3n Espa\u00f1ola pretend\u00edan que los adolescentes permaneci\u00e9ramos pegados a la pantalla durante unos minutos al d\u00eda, verano tras verano, y que no di\u00e9ramos la co\u00f1a a nuestros sufridos padres que aprovechaban para echarse la siesta o un tinto de verano, seg\u00fan el horario de la reposici\u00f3n. Tambi\u00e9n nos ven\u00eda bien para hacer m\u00e1s amenas las dos horas de digesti\u00f3n previas al ba\u00f1o, esas dos horas de reposo digestivo que nos salvaban de morir de un irremediable corte de digesti\u00f3n en la playa, el r\u00edo, la piscina o la ba\u00f1era.<\/p>\n<p>El primer a\u00f1o de emisi\u00f3n, la serie de Mercero fue un aut\u00e9ntico fen\u00f3meno social, rompi\u00f3 moldes, \u201cengatuss\u00f3\u201d a todo un pa\u00eds que de una manera intergeneracional se sent\u00eda identificado con alguno de los personajes y situaciones que se desarrollaban, siempre alrededor de una mezcla de ingenuidad, adolescencia y despertar a la madurez.<\/p>\n<p>Toda esa credibilidad e identificaci\u00f3n se fue diluyendo conforme nosotros \u00edbamos cumpliendo a\u00f1os y repon\u00edan la serie una y otra vez. Ya cansaba, nos parec\u00eda incluso \u00f1o\u00f1a. Ya no \u00e9ramos los p\u00e1rvulos espectadores f\u00e1ciles de manejar emocionalmente.<\/p>\n<p>\u201cEl final del verano\u201d aquella canci\u00f3n que cantaba el D\u00fao Din\u00e1mico en su cap\u00edtulo final, en vez de producirnos la nostalgia de la primera vez,\u00a0 ahora nos produc\u00eda la alegr\u00eda de que por fin, por s\u00e9ptima u octava vez, acababa la serie. Los acordes de \u201cNo te echar\u00e9 de menos en septiembre\u201d que cantaban Los Piratas se impon\u00edan como melod\u00eda.<\/p>\n<p>Vuelve septiembre y sus cl\u00e1sicos: la vuelta al cole, los coleccionables que no completaremos y las promesas de Meriton que esta vez s\u00ed va en serio, que ahora van a gestionar bien el club, que lo de antes no val\u00eda. Pero no cuela, ya van varias temporadas (igual o m\u00e1s que las reposiciones de la serie de Mercero) con un argumento que pese a que los actores han cambiado, sigue siendo absolutamente el mismo, el de siempre. Una trama en la que el Valencia sigue siendo un medio y no un fin,\u00a0 un instrumento a disposici\u00f3n de Meriton y sus amigos para fines totalmente ajenos a los intereses de nuestro equipo centenario. Que no, que ya no nos los creemos y solo se pueden dejar enga\u00f1ar los que reciben alguna contraprestaci\u00f3n a cambio (estos son mis principios pero por un carguito en el club puedo cambiarlos) o los que siguen haciendo dos horas de digesti\u00f3n previas a meterse a la piscina. Mientras tanto el club, con el agua al cuello.<\/p>\n<p>-\u00a1\u00a1Chanquete ha muerto!!<\/p>\n<p>-Co\u00f1o,\u00bfotra vez?<\/p>\n<p><img loading=\"lazy\" decoding=\"async\" class=\"alignnone size-medium wp-image-519\" src=\"https:\/\/mestallidos.com\/wp-content\/uploads\/2022\/09\/verano-azul-300x150.jpg\" alt=\"\" width=\"300\" height=\"150\" srcset=\"https:\/\/mestallidos.com\/wp-content\/uploads\/2022\/09\/verano-azul-300x150.jpg 300w, https:\/\/mestallidos.com\/wp-content\/uploads\/2022\/09\/verano-azul-768x384.jpg 768w, https:\/\/mestallidos.com\/wp-content\/uploads\/2022\/09\/verano-azul.jpg 1000w\" sizes=\"auto, (max-width: 300px) 100vw, 300px\" \/><\/p>\n<p><strong>Desde el Tendido 7 de Mestalla, capital del mundo. Del amor a un sentimiento al humor de una afici\u00f3n, \u00a1Amunt Imperio Cheaustroh\u00fangaro!<\/strong><\/p>\n<p><strong>@MESTALLIDOS<\/strong><\/p>\n","protected":false},"excerpt":{"rendered":"<p>La primera vez que vimos Verano Azul se nos humedecieron los ojos con la muerte de Chanquete y el final del verano. Las ocho siguientes est\u00e1bamos deseando que palmara de una vez el viejo marinero de los cojones que ten\u00eda m\u00e1s vidas que un gato y pusieran otra serie m\u00e1s interesante y moderna, fuera Corrupci\u00f3n [&hellip;]<\/p>\n","protected":false},"author":2,"featured_media":517,"comment_status":"open","ping_status":"closed","sticky":false,"template":"","format":"standard","meta":{"footnotes":""},"categories":[19],"tags":[],"class_list":["post-520","post","type-post","status-publish","format-standard","has-post-thumbnail","hentry","category-senteuse-collons"],"_links":{"self":[{"href":"https:\/\/mestallidos.com\/index.php?rest_route=\/wp\/v2\/posts\/520","targetHints":{"allow":["GET"]}}],"collection":[{"href":"https:\/\/mestallidos.com\/index.php?rest_route=\/wp\/v2\/posts"}],"about":[{"href":"https:\/\/mestallidos.com\/index.php?rest_route=\/wp\/v2\/types\/post"}],"author":[{"embeddable":true,"href":"https:\/\/mestallidos.com\/index.php?rest_route=\/wp\/v2\/users\/2"}],"replies":[{"embeddable":true,"href":"https:\/\/mestallidos.com\/index.php?rest_route=%2Fwp%2Fv2%2Fcomments&post=520"}],"version-history":[{"count":1,"href":"https:\/\/mestallidos.com\/index.php?rest_route=\/wp\/v2\/posts\/520\/revisions"}],"predecessor-version":[{"id":521,"href":"https:\/\/mestallidos.com\/index.php?rest_route=\/wp\/v2\/posts\/520\/revisions\/521"}],"wp:featuredmedia":[{"embeddable":true,"href":"https:\/\/mestallidos.com\/index.php?rest_route=\/wp\/v2\/media\/517"}],"wp:attachment":[{"href":"https:\/\/mestallidos.com\/index.php?rest_route=%2Fwp%2Fv2%2Fmedia&parent=520"}],"wp:term":[{"taxonomy":"category","embeddable":true,"href":"https:\/\/mestallidos.com\/index.php?rest_route=%2Fwp%2Fv2%2Fcategories&post=520"},{"taxonomy":"post_tag","embeddable":true,"href":"https:\/\/mestallidos.com\/index.php?rest_route=%2Fwp%2Fv2%2Ftags&post=520"}],"curies":[{"name":"wp","href":"https:\/\/api.w.org\/{rel}","templated":true}]}}