{"id":506,"date":"2022-08-06T08:41:20","date_gmt":"2022-08-06T08:41:20","guid":{"rendered":"https:\/\/mestallidos.com\/?p=506"},"modified":"2022-08-06T08:41:20","modified_gmt":"2022-08-06T08:41:20","slug":"los-periodicos-de-manana","status":"publish","type":"post","link":"https:\/\/mestallidos.com\/?p=506","title":{"rendered":"LOS PERI\u00d3DICOS DE MA\u00d1ANA."},"content":{"rendered":"<p>&nbsp;<\/p>\n<p><strong>A la memoria de Roberto Gil, capit\u00e1n del Valencia Club de F\u00fatbol.<\/strong><\/p>\n<p>&nbsp;<\/p>\n<p>Amanecen los peri\u00f3dicos de Valenciast\u00e1n con fotos realizadas hace cincuenta y cinco a\u00f1os que hoy vuelven a ser portada. A eso se llama trascender, convertirse con el paso del tiempo en br\u00fajula nada impostada a la que cada cierto tiempo asomarse para no perder el norte.<\/p>\n<p>Roberto Gil, capit\u00e1n del Valencia, alza la Copa orgulloso y su mirada grita aqu\u00ed la ten\u00e9is, os lo dije, me lo dije.<\/p>\n<p>Compromiso y carisma de un capit\u00e1n que nunca se quit\u00f3 el brazalete ni necesit\u00f3 entrar en n\u00f3mina de los embajadores oficiales del club para ejercer como tal mejor que ninguno.<\/p>\n<p>Militancia contundente, firme y elegante. Concesiones las justas. Se trataba de honrar al Valencia siendo consciente de la responsabilidad que le correspond\u00eda. Nunca dejar de ejercer porque nunca dejas de ser parte. Las historia ya est\u00e1 escrita. Con fotos eternas al lado.<\/p>\n<p>Es desolador ser conscientes de c\u00f3mo nos estamos quedando sin referentes hist\u00f3ricos del club,\u00a0 de c\u00f3mo se nos van apagando. Pero es much\u00edsimo m\u00e1s desolador, ellos ya cumplieron y con nosotros para siempre quedan, que llevemos a\u00f1os sin crearlos ni hacer nada por intentarlo.<\/p>\n<p>Ojal\u00e1 en los peri\u00f3dicos de ma\u00f1ana, dentro de cincuenta a\u00f1os, siga habiendo un lugar en las portada para la foto de alg\u00fan jugador de los que nuestros hijos coleccionan hoy en sus cromos. Ser\u00e1 se\u00f1al de que la br\u00fajula no se ha parado y el viaje de nuestro Valencia Club de f\u00fatbol contin\u00faa.<\/p>\n<p>Hasta siempre, capit\u00e1n.<\/p>\n<p>&nbsp;<\/p>\n<p>&nbsp;<\/p>\n<p>&nbsp;<\/p>\n<p>&nbsp;<\/p>\n<p>&nbsp;<\/p>\n<p>&nbsp;<\/p>\n<p>&nbsp;<\/p>\n<p>&nbsp;<\/p>\n","protected":false},"excerpt":{"rendered":"<p>&nbsp; A la memoria de Roberto Gil, capit\u00e1n del Valencia Club de F\u00fatbol. &nbsp; Amanecen los peri\u00f3dicos de Valenciast\u00e1n con fotos realizadas hace cincuenta y cinco a\u00f1os que hoy vuelven a ser portada. A eso se llama trascender, convertirse con el paso del tiempo en br\u00fajula nada impostada a la que cada cierto tiempo asomarse [&hellip;]<\/p>\n","protected":false},"author":2,"featured_media":505,"comment_status":"open","ping_status":"closed","sticky":false,"template":"","format":"standard","meta":{"footnotes":""},"categories":[19],"tags":[],"class_list":["post-506","post","type-post","status-publish","format-standard","has-post-thumbnail","hentry","category-senteuse-collons"],"_links":{"self":[{"href":"https:\/\/mestallidos.com\/index.php?rest_route=\/wp\/v2\/posts\/506","targetHints":{"allow":["GET"]}}],"collection":[{"href":"https:\/\/mestallidos.com\/index.php?rest_route=\/wp\/v2\/posts"}],"about":[{"href":"https:\/\/mestallidos.com\/index.php?rest_route=\/wp\/v2\/types\/post"}],"author":[{"embeddable":true,"href":"https:\/\/mestallidos.com\/index.php?rest_route=\/wp\/v2\/users\/2"}],"replies":[{"embeddable":true,"href":"https:\/\/mestallidos.com\/index.php?rest_route=%2Fwp%2Fv2%2Fcomments&post=506"}],"version-history":[{"count":1,"href":"https:\/\/mestallidos.com\/index.php?rest_route=\/wp\/v2\/posts\/506\/revisions"}],"predecessor-version":[{"id":507,"href":"https:\/\/mestallidos.com\/index.php?rest_route=\/wp\/v2\/posts\/506\/revisions\/507"}],"wp:featuredmedia":[{"embeddable":true,"href":"https:\/\/mestallidos.com\/index.php?rest_route=\/wp\/v2\/media\/505"}],"wp:attachment":[{"href":"https:\/\/mestallidos.com\/index.php?rest_route=%2Fwp%2Fv2%2Fmedia&parent=506"}],"wp:term":[{"taxonomy":"category","embeddable":true,"href":"https:\/\/mestallidos.com\/index.php?rest_route=%2Fwp%2Fv2%2Fcategories&post=506"},{"taxonomy":"post_tag","embeddable":true,"href":"https:\/\/mestallidos.com\/index.php?rest_route=%2Fwp%2Fv2%2Ftags&post=506"}],"curies":[{"name":"wp","href":"https:\/\/api.w.org\/{rel}","templated":true}]}}