{"id":467,"date":"2022-06-23T10:54:19","date_gmt":"2022-06-23T10:54:19","guid":{"rendered":"https:\/\/mestallidos.com\/?p=467"},"modified":"2022-06-23T10:54:19","modified_gmt":"2022-06-23T10:54:19","slug":"sobrevivir-desde-mestalla","status":"publish","type":"post","link":"https:\/\/mestallidos.com\/?p=467","title":{"rendered":"SOBREVIVIR DESDE MESTALLA."},"content":{"rendered":"<p><img loading=\"lazy\" decoding=\"async\" class=\"alignnone size-medium wp-image-466\" src=\"https:\/\/mestallidos.com\/wp-content\/uploads\/2022\/06\/valencia-recuperara-escudo-1923-equipacion_70-300x169.webp\" alt=\"\" width=\"300\" height=\"169\" srcset=\"https:\/\/mestallidos.com\/wp-content\/uploads\/2022\/06\/valencia-recuperara-escudo-1923-equipacion_70-300x169.webp 300w, https:\/\/mestallidos.com\/wp-content\/uploads\/2022\/06\/valencia-recuperara-escudo-1923-equipacion_70.webp 480w\" sizes=\"auto, (max-width: 300px) 100vw, 300px\" \/><img loading=\"lazy\" decoding=\"async\" class=\"alignnone size-medium wp-image-465\" src=\"https:\/\/mestallidos.com\/wp-content\/uploads\/2022\/06\/pegatina-meriton-min-300x281.png\" alt=\"\" width=\"300\" height=\"281\" srcset=\"https:\/\/mestallidos.com\/wp-content\/uploads\/2022\/06\/pegatina-meriton-min-300x281.png 300w, https:\/\/mestallidos.com\/wp-content\/uploads\/2022\/06\/pegatina-meriton-min.png 511w\" sizes=\"auto, (max-width: 300px) 100vw, 300px\" \/><\/p>\n<p>Mestalla, ni Nou ni Antic, el \u00fanico, el nuestro, cumple cien a\u00f1os.<\/p>\n<p>Un siglo sobreviviendo a todo que cabe en cien a\u00f1os, incluso a nosotros mismos.<\/p>\n<p>Ahora todo el mundo saca pecho y se pone sentimental por la celebraci\u00f3n de su Centenario pero a muchos les hubiera gustado verlo reducido a escombros hace ya a\u00f1os. No pierden la esperanza de irse a esa basura de campo franquicia, por mucho que lo quieran revestir, que se ha quedado a mitad de construir en la Avenida de las Cortes. Si por m\u00ed fuera lo podr\u00edan bombardear, por lo que es y por lo que significa, un monumento a la derrota como sociedad y como pueblo.<\/p>\n<p>Un club digno, una afici\u00f3n digna, nunca se ir\u00eda de Mestalla. Que es imposible dar marcha atr\u00e1s es mentira. Todo menos la muerte (esa a la que quieren abocar a nuestro campo) es perfectamente negociable y reorientable.<\/p>\n<p>Asisto perplejo a spots publicitarios, porque no dejan de ser eso, con su correspondiente gui\u00f3n y actores, que se usan como reclamo para la renovaci\u00f3n de abonos para la temporada 2022-23 con el aliciente de vivir el Centenario en Mestalla. Al mismo tiempo, a apenas 3 kil\u00f3metros de distancia, se presenta por en\u00e9sima vez lo que pretenden convertir en nuestra futura casa. Ya no saben c\u00f3mo disfrazar el fiasco, con una cubierta molona, con restaurantes con vista al campo por si adem\u00e1s de comer te apetece ver un partido de f\u00fatbol entre dos equipos cualquiera, o con cartulinas reversibles como las del oscuro proceso de venta.<\/p>\n<p>Lo pr\u00f3ximo quiz\u00e1 sea cambiar el escudo y en vez del murci\u00e9lago pongan un oso panda, panda se sinverg\u00fcenzas.<\/p>\n<p>Todo esto se est\u00e1 produciendo en esa fase nada disimulada, totalmente premeditada y calculada de blanqueo de la etapa post-Anil Murthy que ha sido el presidente m\u00e1s impresentable pero a la vez m\u00e1s insignificante de la historia del Valencia. Conviene no olvidar y tener muy presente lo de insignificante porque \u00e9l era un simple monigote de Meriton, que son quienes lamentablemente contin\u00faa estando en el club.<\/p>\n<p>En esa estrategia de blanqueo est\u00e1n utilizando el f\u00e9rtil ingrediente de la nostalgia con la finalidad de intentar que lo emocional nuble lo racional, ocupando\u00a0 as\u00ed su espacio.<\/p>\n<p>Se trata de una\u00a0 estrategia clara de despiste de la situaci\u00f3n actual, en la que por ejemplo con la recuperaci\u00f3n del escudo original de la inauguraci\u00f3n de Mestalla, maravillosa iniciativa, o con la realizaci\u00f3n de spots donde se hace referencia al territorio sagrado de nuestra historia, pretenden que perdamos intensidad en nuestras exigencias de saber cu\u00e1l es la situaci\u00f3n actual del club, cu\u00e1nto dinero debemos, a qu\u00e9 jugadores vamos a vender. En definitiva, asuntos trascendentes y vitales para la supervivencia del club.<\/p>\n<p>No debemos caer en la trampa. Contin\u00faan estando los mismos. Ahora con otra estrategia, las anteriores no les sirvieron para nada. No les importar\u00e1 utilizar lo emocional como chantaje para conseguir sus verdaderos objetivos que nada tienen que ver con la esencia de lo que el Valencia o Mestalla significan para los que lo vivimos desde muy dentro.<\/p>\n<p>Ellos (Meriton) no son el Valencia. Debemos seguir estando al lado del club, no de sus actuales gestores y desde mi punto de vista la renovaci\u00f3n del pase en innegociable. No entiendo el debate de si renovar o no,\u00a0 como no entiendo que un spot, sea m\u00e1s o menos emocional, puede llegar a influir en algo tan sagrado como es la renovaci\u00f3n del pase del Valencia. No hace falta recurrir a guiones, actores o escenas ficticias para saber lo grande que es el Valencia. Basta con un plano secuencia en cualquier partido del Valencia en Mestalla para ver las maravillosas, entra\u00f1ables y aut\u00e9nticas historias que hay detr\u00e1s de cada abono del Valencia.<\/p>\n<p>Si realmente queremos hacerlo \u00abPor todos los que nos han llevado por primera vez a Mestalla\u00bb y \u00abPor todos los que no van a poder vivir el Centenario de Mestalla\u00bb solo hay un camino para que dentro de cien a\u00f1os m\u00e1s, el Valencia\u00a0 y los valencianistas puedan seguir celebrando la existencia de nuestro querido club.<\/p>\n<p>Quiz\u00e1 entonces, alguna nieta se acuerde de su abuelo, cuando en tiempos dif\u00edciles sigui\u00f3 renovando su carnet de socio para seguir gritando desde dentro de Mestalla:<\/p>\n<p>AMUNT VALENCIA! y MERITON GO HOME!!<\/p>\n<p>&nbsp;<\/p>\n<p>LARGA VIDA A MESTALLA!!!!!!<\/p>\n","protected":false},"excerpt":{"rendered":"<p>Mestalla, ni Nou ni Antic, el \u00fanico, el nuestro, cumple cien a\u00f1os. Un siglo sobreviviendo a todo que cabe en cien a\u00f1os, incluso a nosotros mismos. Ahora todo el mundo saca pecho y se pone sentimental por la celebraci\u00f3n de su Centenario pero a muchos les hubiera gustado verlo reducido a escombros hace ya a\u00f1os. [&hellip;]<\/p>\n","protected":false},"author":2,"featured_media":466,"comment_status":"open","ping_status":"closed","sticky":false,"template":"","format":"standard","meta":{"footnotes":""},"categories":[19],"tags":[],"class_list":["post-467","post","type-post","status-publish","format-standard","has-post-thumbnail","hentry","category-senteuse-collons"],"_links":{"self":[{"href":"https:\/\/mestallidos.com\/index.php?rest_route=\/wp\/v2\/posts\/467","targetHints":{"allow":["GET"]}}],"collection":[{"href":"https:\/\/mestallidos.com\/index.php?rest_route=\/wp\/v2\/posts"}],"about":[{"href":"https:\/\/mestallidos.com\/index.php?rest_route=\/wp\/v2\/types\/post"}],"author":[{"embeddable":true,"href":"https:\/\/mestallidos.com\/index.php?rest_route=\/wp\/v2\/users\/2"}],"replies":[{"embeddable":true,"href":"https:\/\/mestallidos.com\/index.php?rest_route=%2Fwp%2Fv2%2Fcomments&post=467"}],"version-history":[{"count":1,"href":"https:\/\/mestallidos.com\/index.php?rest_route=\/wp\/v2\/posts\/467\/revisions"}],"predecessor-version":[{"id":468,"href":"https:\/\/mestallidos.com\/index.php?rest_route=\/wp\/v2\/posts\/467\/revisions\/468"}],"wp:featuredmedia":[{"embeddable":true,"href":"https:\/\/mestallidos.com\/index.php?rest_route=\/wp\/v2\/media\/466"}],"wp:attachment":[{"href":"https:\/\/mestallidos.com\/index.php?rest_route=%2Fwp%2Fv2%2Fmedia&parent=467"}],"wp:term":[{"taxonomy":"category","embeddable":true,"href":"https:\/\/mestallidos.com\/index.php?rest_route=%2Fwp%2Fv2%2Fcategories&post=467"},{"taxonomy":"post_tag","embeddable":true,"href":"https:\/\/mestallidos.com\/index.php?rest_route=%2Fwp%2Fv2%2Ftags&post=467"}],"curies":[{"name":"wp","href":"https:\/\/api.w.org\/{rel}","templated":true}]}}