{"id":445,"date":"2022-06-07T07:31:14","date_gmt":"2022-06-07T07:31:14","guid":{"rendered":"https:\/\/mestallidos.com\/?p=445"},"modified":"2022-06-07T07:31:14","modified_gmt":"2022-06-07T07:31:14","slug":"oportunidades-perdidas","status":"publish","type":"post","link":"https:\/\/mestallidos.com\/?p=445","title":{"rendered":"OPORTUNIDADES PERDIDAS."},"content":{"rendered":"<p>Se hab\u00eda creado mucha expectaci\u00f3n ante la rueda de prensa que Bordal\u00e1s eligi\u00f3 como v\u00eda para despedirse del valencianismo. El ext\u00e9cnico valencianista hab\u00eda descartado hacerlo a trav\u00e9s de redes sociales, le parec\u00eda una manera muy impersonal y fr\u00eda aunque no tanto como la forma en que le comunicaron a \u00e9l su no continuidad para la temporada 2022-23, la \u00faltima y definitiva falta de respeto de Meriton y los suyos hacia su persona.<\/p>\n<p>La temporada en la que celebraremos el Centenario de un Mestalla\u00a0 en el que no le permitieron despedirse, es ya una oportunidad perdida para el entrenador alicantino que se despide fundamentalmente con un subcampeonato de Copa que le viene muy bien a su curr\u00edculum, una final de Copa que desbord\u00f3 de ilusi\u00f3n al valencianismo, cosa que siempre le agradeceremos y\u00a0 que al final \u00a0tambi\u00e9n result\u00f3 ser una oportunidad perdida por el penalti que err\u00f3 Yunus Musah. A un paso estuvimos de coronar el esp\u00edritu bronco y copero que Bordal\u00e1s lleg\u00f3 a recuperar en muchos partidos del camino hacia esa final de Copa.<\/p>\n<p>En esas dos oportunidades perdidas, la de entrenar al Valencia durante el Centenario de Mestalla y habernos proclamado campeones de\u00a0 Copa, poco pudo hacer el ya ex entrenador. No pudo influir en la convicci\u00f3n de Mussa al lanzar su penalti en la Cartuja y absolutamente nada en la dictadura de Meriton a la hora de tomar la decisi\u00f3n de su despido.<\/p>\n<p>Sin embargo, la oportunidad perdida que s\u00ed le podemos achacar una buena parte del valencianismo, y quiz\u00e1 la que m\u00e1s nos duele, es la que dej\u00f3 escapar ayer en la rueda de prensa en la que s\u00ed fue protagonista por propia elecci\u00f3n y muchos cre\u00edmos que por convicci\u00f3n. Convocarla oficialmente y ante los medios de comunicaci\u00f3n merec\u00eda much\u00edsima m\u00e1s implicaci\u00f3n. Para decir lo que dijo bastaba una carta de despedida publicada en redes.<\/p>\n<p>Ayer no val\u00eda la tibieza ni intentar nadar entre dos aguas, que es lo que hizo. No vale no decir ni una palabra cr\u00edtica a Meriton y luego fotografiarse en la calle con chavales que llevan meses, algunos casi a\u00f1os ya, gritando \u00abMeriton Go Home\u00bb. Eso es postureo.<\/p>\n<p>No vale decir \u201cNo es el momento\u201d porque equivale al \u201cDejen trabajar\u201d que pregonan muchos s\u00fabditos de Meriton.<\/p>\n<p>No vale decir que \u201cEl Valencia tiene un gran futuro\u201d cuando te est\u00e1s poniendo de perfil hacia quienes pueden acabar con ese futuro.<\/p>\n<p>Y tampoco vale justificar que \u201ctodos har\u00edamos lo mismo si te sueltan 700.000 euros de indemnizaci\u00f3n\u201d porque eso equivale al vergonzoso \u201cPonlos t\u00fa\u201d. Tema aparte es que ese dinero, una vez m\u00e1s, salga de las arcas del propio Valencia.<\/p>\n<p>Meriton es un rodillo de aniquilar credibilidades, cualquiera que acepte un cargo bajo su organigrama ya sabe lo que hay, una manipulaci\u00f3n total, tanto en promesas deportivas que luego no cumplir\u00e1n, como en cl\u00e1usulas de contrato que desde la valent\u00eda y dignidad de Prandelli, monetizan los silencios postreros.<\/p>\n<p>La etapa de Bordal\u00e1s, honesta, bronca y copera sobre el campo, siempre limitada y condicionada por las decisiones de Meriton, ha finalizado con una despedida ambigua, d\u00f3cil y muy poco comprometida. L\u00e1stima de innecesario final sabor de boca. L\u00e1stima de no haber aprovechado\u00a0 para diferenciar y dejar claro que Meriton no es el Valencia Club de F\u00fatbol.<\/p>\n<p>L\u00e1stima de oportunidad perdida.<\/p>\n","protected":false},"excerpt":{"rendered":"<p>Se hab\u00eda creado mucha expectaci\u00f3n ante la rueda de prensa que Bordal\u00e1s eligi\u00f3 como v\u00eda para despedirse del valencianismo. El ext\u00e9cnico valencianista hab\u00eda descartado hacerlo a trav\u00e9s de redes sociales, le parec\u00eda una manera muy impersonal y fr\u00eda aunque no tanto como la forma en que le comunicaron a \u00e9l su no continuidad para la [&hellip;]<\/p>\n","protected":false},"author":2,"featured_media":444,"comment_status":"open","ping_status":"closed","sticky":false,"template":"","format":"standard","meta":{"footnotes":""},"categories":[19],"tags":[],"class_list":["post-445","post","type-post","status-publish","format-standard","has-post-thumbnail","hentry","category-senteuse-collons"],"_links":{"self":[{"href":"https:\/\/mestallidos.com\/index.php?rest_route=\/wp\/v2\/posts\/445","targetHints":{"allow":["GET"]}}],"collection":[{"href":"https:\/\/mestallidos.com\/index.php?rest_route=\/wp\/v2\/posts"}],"about":[{"href":"https:\/\/mestallidos.com\/index.php?rest_route=\/wp\/v2\/types\/post"}],"author":[{"embeddable":true,"href":"https:\/\/mestallidos.com\/index.php?rest_route=\/wp\/v2\/users\/2"}],"replies":[{"embeddable":true,"href":"https:\/\/mestallidos.com\/index.php?rest_route=%2Fwp%2Fv2%2Fcomments&post=445"}],"version-history":[{"count":1,"href":"https:\/\/mestallidos.com\/index.php?rest_route=\/wp\/v2\/posts\/445\/revisions"}],"predecessor-version":[{"id":446,"href":"https:\/\/mestallidos.com\/index.php?rest_route=\/wp\/v2\/posts\/445\/revisions\/446"}],"wp:featuredmedia":[{"embeddable":true,"href":"https:\/\/mestallidos.com\/index.php?rest_route=\/wp\/v2\/media\/444"}],"wp:attachment":[{"href":"https:\/\/mestallidos.com\/index.php?rest_route=%2Fwp%2Fv2%2Fmedia&parent=445"}],"wp:term":[{"taxonomy":"category","embeddable":true,"href":"https:\/\/mestallidos.com\/index.php?rest_route=%2Fwp%2Fv2%2Fcategories&post=445"},{"taxonomy":"post_tag","embeddable":true,"href":"https:\/\/mestallidos.com\/index.php?rest_route=%2Fwp%2Fv2%2Ftags&post=445"}],"curies":[{"name":"wp","href":"https:\/\/api.w.org\/{rel}","templated":true}]}}