{"id":427,"date":"2022-05-26T17:43:11","date_gmt":"2022-05-26T17:43:11","guid":{"rendered":"https:\/\/mestallidos.com\/?p=427"},"modified":"2022-05-27T10:13:54","modified_gmt":"2022-05-27T10:13:54","slug":"no-se-puede-vivir-del-amor","status":"publish","type":"post","link":"https:\/\/mestallidos.com\/?p=427","title":{"rendered":"NO SE PUEDE VIVIR DEL AMOR"},"content":{"rendered":"<p>Una vez m\u00e1s se impuso el GPS del coraz\u00f3n, ese que no entiende de atajos y se deja llevar por referencias vitales aunque en el recorrido material suponga doscientos metros m\u00e1s de distancia o diez minutos m\u00e1s de tiempo.<\/p>\n<p>\u201cNo se puede vivir del amor\u201d a\u00fan resonaba en mis o\u00eddos. Apenas hac\u00eda una hora que Andr\u00e9s Calamaro, loco salm\u00f3n argentino que lleva toda su vida nadando contracorriente, la hab\u00eda cantado en Les Arts junto con otro pu\u00f1ado \u00a0de canciones, buena parte de ellas futboleras, que ya son cl\u00e1sicos de la m\u00fasica popular.<\/p>\n<p>De vuelta a casa, pasada ya la medianoche, me encontraba frente al viejo Mestalla. Eran los primeros minutos del 20 de mayo y fui el primero en felicitarle el cumplea\u00f1os cara a cara. No hizo falta verbalizarlo, desde hace toda una vida nos basta con mirarnos para dec\u00edrnoslo todo.<\/p>\n<p>La escena parec\u00eda clandestina. En su fachada ni una tenue luz. Solo la luna y el resplandor verde y rojo del sem\u00e1foro frente a Tribuna, iluminaban alternativamente su silueta. El \u00e1mbar parpadeante apenas duraba dos segundos, como en la vida misma en la que apenas\u00a0 hay ya lugar y tiempo para los que carecemos de certezas, quiz\u00e1 el Valencia y poco m\u00e1s, y sobrevivimos entre la duda y la contradicci\u00f3n.<\/p>\n<p>Me desped\u00ed del Gigante con nombre de acequia emplaz\u00e1ndonos para dos d\u00edas despu\u00e9s en esa misma acera donde una vez m\u00e1s, su pueblo, combatir\u00edamos la tiran\u00eda de Meriton, esa que noche tras noche, y ya son demasiadas, maltrata su grandeza intentando que pase desapercibida mientras empuja al\u00a0 club a un futuro oscuro e incierto.<\/p>\n<p>Cumpliendo nuestra palabra, all\u00ed nos dimos cita, en esta ocasi\u00f3n bajo un sol radiante y una luminosidad llena de esperanza, m\u00e1s de diez mil vidas, cada una con su particularidad pero con un rasgo com\u00fan, el compromiso con nuestro Valencia Club de F\u00fatbol.<\/p>\n<p>En ese momento de intensa emoci\u00f3n, regres\u00f3 a mi memoria la canci\u00f3n de dos noches atr\u00e1s y me pregunt\u00e9 si realmente se puede vivir del amor. Probablemente cada vez menos, pero no ten\u00eda ninguna duda de que no era otro motivo el que nos hab\u00eda llevado all\u00ed. Para los que estuvimos y los que quisieron estar pero no pudieron, no nos hace falta explicaciones. Racionalizarlo es perder el tiempo. En la vida hay cosas que se sienten o no se sienten y si te las han de explicar es porque ni las sientes ni las sentir\u00e1s.<\/p>\n<p>Que haya gente que no lo entienda es respetable, aceptamos que no se puede vivir del amor, vale. Pero que esos mismos me contesten a la pregunta de qu\u00e9 movimiento social y totalmente altruista es capaz de dar cita en una calurosa tarde de mayo a m\u00e1s de diez mil personas. \u00bfQu\u00e9 est\u00edmulo es capaz de motivar a tal cantidad de gente a reivindicar un sentimiento? \u00bfQu\u00e9 entidad es capaz de cohesionar de manera transversal e integradora miembros de una colectividad diversa?<\/p>\n<p>Llega un momento en que cuando la urgencia aprieta tanto y se trata de sobrevivir, la l\u00edrica y el romanticismo deben dejar paso a la acci\u00f3n y la practicidad. Despu\u00e9s de haber dado los primeros pasos, es lo que toca ahora.<\/p>\n<p>Se\u00f1ores pol\u00edticos, empresarios y dem\u00e1s fuerzas vivas (que parecen dormidas) del pueblo valenciano (ll\u00e1menlo pa\u00eds, comunidad, reino o como quieran, hasta en los puntos de partida a la soluci\u00f3n de los problemas estamos acostumbrados a que divaguen perdiendo un tiempo precioso):<\/p>\n<p>Los movimientos sociales en la lucha por la recuperaci\u00f3n de la dignidad del Valencia Club de f\u00fatbol, han ido muy por delante de sus acciones. Son ya tres marchas multitudinarias y ejemplares las que hemos llevado a cabo. Y a ustedes, salvo honrosas excepciones, no se les ha visto ning\u00fan tipo de actuaci\u00f3n. Ahora, motivados por el esc\u00e1ndalo de los audios, comienzan a mover el culo. Esperemos que no sea el postureo pasajero y ef\u00edmero al que nos tienen acostumbrados.<\/p>\n<p>Fuimos diez mil personas las que el pasado s\u00e1bado 21 de mayo nos dimos cita f\u00edsicamente en la \u00faltima movilizaci\u00f3n pero podr\u00edamos haber sido perfectamente treinta o cuarenta mil, muchos valencianistas estuvieron emocionalmente a nuestro lado. Nosotros vemos amor al club pero si quieren, a ver si de una vez por todas les vale de aliciente, son treinta mil o cuarenta mil votos potenciales de cara a las pr\u00f3ximas elecciones o treinta o cuarenta mil clientes potenciales de cara a sus empresas o entidades financieras.<\/p>\n<p>Ustedes, pol\u00edticos, empresarios y financieros, no pueden ser tan torpes para banalizar el movimiento social que ha surgido en torno a la recuperaci\u00f3n de nuestro Valencia Club de F\u00fatbol y que ya es imparable.<\/p>\n<p>No les pedimos que lo hagan por amor si no quieren, pero para muchos de nosotros el Valencia es parte de nuestra vida y queremos seguir vivi\u00e9ndola a su lado.<\/p>\n<p>Nosotros ya hemos cumplido.<\/p>\n<p>Les toca a ustedes.<\/p>\n<p>Tomamos nota.<\/p>\n<p>&nbsp;<\/p>\n<p><img loading=\"lazy\" decoding=\"async\" class=\"alignnone size-medium wp-image-426\" src=\"https:\/\/mestallidos.com\/wp-content\/uploads\/2022\/05\/NO-SE-PUEDE-VIVIR-DEL-300x250.jpg\" alt=\"\" width=\"300\" height=\"250\" srcset=\"https:\/\/mestallidos.com\/wp-content\/uploads\/2022\/05\/NO-SE-PUEDE-VIVIR-DEL-300x250.jpg 300w, https:\/\/mestallidos.com\/wp-content\/uploads\/2022\/05\/NO-SE-PUEDE-VIVIR-DEL.jpg 650w\" sizes=\"auto, (max-width: 300px) 100vw, 300px\" \/><\/p>\n","protected":false},"excerpt":{"rendered":"<p>Una vez m\u00e1s se impuso el GPS del coraz\u00f3n, ese que no entiende de atajos y se deja llevar por referencias vitales aunque en el recorrido material suponga doscientos metros m\u00e1s de distancia o diez minutos m\u00e1s de tiempo. \u201cNo se puede vivir del amor\u201d a\u00fan resonaba en mis o\u00eddos. Apenas hac\u00eda una hora que [&hellip;]<\/p>\n","protected":false},"author":2,"featured_media":423,"comment_status":"open","ping_status":"closed","sticky":false,"template":"","format":"standard","meta":{"footnotes":""},"categories":[19],"tags":[],"class_list":["post-427","post","type-post","status-publish","format-standard","has-post-thumbnail","hentry","category-senteuse-collons"],"_links":{"self":[{"href":"https:\/\/mestallidos.com\/index.php?rest_route=\/wp\/v2\/posts\/427","targetHints":{"allow":["GET"]}}],"collection":[{"href":"https:\/\/mestallidos.com\/index.php?rest_route=\/wp\/v2\/posts"}],"about":[{"href":"https:\/\/mestallidos.com\/index.php?rest_route=\/wp\/v2\/types\/post"}],"author":[{"embeddable":true,"href":"https:\/\/mestallidos.com\/index.php?rest_route=\/wp\/v2\/users\/2"}],"replies":[{"embeddable":true,"href":"https:\/\/mestallidos.com\/index.php?rest_route=%2Fwp%2Fv2%2Fcomments&post=427"}],"version-history":[{"count":1,"href":"https:\/\/mestallidos.com\/index.php?rest_route=\/wp\/v2\/posts\/427\/revisions"}],"predecessor-version":[{"id":428,"href":"https:\/\/mestallidos.com\/index.php?rest_route=\/wp\/v2\/posts\/427\/revisions\/428"}],"wp:featuredmedia":[{"embeddable":true,"href":"https:\/\/mestallidos.com\/index.php?rest_route=\/wp\/v2\/media\/423"}],"wp:attachment":[{"href":"https:\/\/mestallidos.com\/index.php?rest_route=%2Fwp%2Fv2%2Fmedia&parent=427"}],"wp:term":[{"taxonomy":"category","embeddable":true,"href":"https:\/\/mestallidos.com\/index.php?rest_route=%2Fwp%2Fv2%2Fcategories&post=427"},{"taxonomy":"post_tag","embeddable":true,"href":"https:\/\/mestallidos.com\/index.php?rest_route=%2Fwp%2Fv2%2Ftags&post=427"}],"curies":[{"name":"wp","href":"https:\/\/api.w.org\/{rel}","templated":true}]}}